{"end_date": "2026-09-05", "name": "BR", "info_url": "https://epg.pw/channels/76712/20260828.html", "country": "Germany", "description": null, "error_message": "", "provider": "", "source_url": "https://epg.pw/api/epg.json?channel_id=76712&date=20260828&timezone=None", "epg_list": [{"desc": "Zu Gast bei \"Wir in Bayern\" sind die Augsburger Beate und Holger Lauerer, die das Leben im Mittelalter nachstellen. Martin R\u00f6\u00dfler macht Apfelkrapfen, und Alexandra Achenbach stellt nachhaltige Herbstdeko vor. Au\u00dferdem begleitet \"Wir in Bayern\" einen Feuerk\u00fcnstler, besucht einen Kreisverkehr mit Bleistiften in Peiting und berichtet \u00fcber einen Kuhfotografen. In den Sommerferien blickt \"Wir in Bayern", "start_date": "2026-09-04T00:10:00+00:00", "title": "Wir in Bayern \u2013 Das Sch\u00f6nste aus 2025"}, {"desc": "Die Sendung berichtet werktags \u00fcber das Geschehen in Ober-, Mittel- und Unterfranken. T\u00e4glich ist das Team in der Region unterwegs, um die wichtigsten Nachrichten aus Politik, Wirtschaft, Gesellschaft und Kultur aufzugreifen und verst\u00e4ndlich aufzubereiten. Die Sendung bietet einen kompakten \u00dcberblick \u00fcber aktuelle Entwicklungen und ordnet diese ein. Erg\u00e4nzt wird das Programm durch Hintergrundberic", "start_date": "2026-09-04T01:25:00+00:00", "title": "Frankenschau aktuell"}, {"desc": "Die Sendung berichtet von Montag bis Freitag \u00fcber aktuelle Ereignisse, Menschen und Entwicklungen aus Bayern. Das Regionalmagazin greift Themen aus Politik, Wirtschaft, Kultur und Sport auf und zeigt, was die Menschen im Freistaat bewegt. Ob kommunale Herausforderungen, gesellschaftliche Debatten, besondere Freizeitangebote oder spannende Geschichten aus dem Alltag \u2013 die Sendung bietet einen vielf", "start_date": "2026-09-04T01:55:00+00:00", "title": "Abendschau \u2013 Der S\u00fcden"}, {"desc": "Seit 1954 informiert die \"Abendschau\" \u00fcber Neuigkeiten und Wissenswertes aus dem Freistaat Bayern und z\u00e4hlt damit zu den \u00e4ltesten Fernsehsendungen Deutschlands. Die regionalen Berichte werden h\u00e4ufig durch sorgf\u00e4ltig recherchiertes Hintergrundwissen erg\u00e4nzt. Das Format umfasst zudem Beitr\u00e4ge zu Kultur und Musik. Gelegentlich f\u00fchren die Moderatoren Gespr\u00e4che mit Studiog\u00e4sten zu aktuellen Themen. Dar", "start_date": "2026-09-04T02:25:00+00:00", "title": "Abendschau"}, {"desc": "Mit bis zu drei Metern L\u00e4nge gilt der Komodowaran als gr\u00f6\u00dfte lebende Echse unserer Zeit, deren Bestand auf den indonesischen Waran-Inseln Flores, Komodo, Rinca, Gili Motong und Gili Dasami auf etwa 2.400 gesch\u00e4tzt wird. J\u00e4hrlich bekommen sie Besuch von \u00fcber 50.000 Touristen. Der Komodowaran ist die gr\u00f6\u00dfte lebende Echse unserer Zeit. Grund genug, ihn in die Big Five Asiens mitaufzunehmen. Er kann \u00fc", "start_date": "2026-09-04T02:55:00+00:00", "title": "Big Five Asien \u2013 Der Komodowaran"}, {"desc": "Der Film zeigt den italienischen Astronauten Luca Parmitano bei der ESA-Vorbereitung auf seinen Astronauteneinsatz, zeigt ihn beim Start im russischen Baikonur und begleitet ihn in seinem ALLtag auf der ISS. BR, Programmwoche 21 (Senderinfo).", "start_date": "2026-09-04T03:45:00+00:00", "title": "Space Night"}, {"desc": "Die Sendung erz\u00e4hlt Geschichten aus dem fiktiven oberbayerischen Dorf Lansing, wo Tradition, Gemeinschaft und d\u00f6rflicher Alltag eng miteinander verwoben sind. Im Zentrum stehen die Familien und Bewohner, deren humorvolle, herzliche und manchmal konfliktreiche Erlebnisse den Charme der Serie ausmachen. Schaupl\u00e4tze wie der Brunnerwirt, der Dorfplatz oder die Werkstatt bilden den vertrauten Rahmen, i", "start_date": "2026-09-04T04:00:00+00:00", "title": "Dahoam is Dahoam"}, {"desc": "Larissas Plan scheitert, aber das Schicksal f\u00fchrt Marlon und Fanny trotzdem zusammen. Massimos Plan verf\u00e4ngt bei Olivia. Leo sch\u00f6pft neue Hoffnung. Katja trennt sich von Vincent. Fanny will mit Kilian weiter eine liebevolle Beziehung f\u00fchren und verbringt mit ihm einen romantischen Abend. Beide ahnen nicht, dass Larissa B\u00f6ses plant: Sie m\u00f6chte Fanny und Marlon unter einem Vorwand in den Weinkeller ", "start_date": "2026-09-04T04:30:00+00:00", "title": "Sturm der Liebe"}, {"desc": "Johanna Fellner zeigt effektive Trainingseinheiten f\u00fcr einen starken und gesunden R\u00fccken. Beugende, streckende und rotierende Bewegungen sowie statische Ganzk\u00f6rperpositionen und Balance-\u00dcbungen ergeben ein optimales Gesamtpaket. Die gesamte Rumpfmuskulatur, insbesondere der R\u00fccken, wird gekr\u00e4ftigt, stabilisiert und mobilisiert. Dadurch wird der K\u00f6rper ideal auf die Anforderungen des Alltags vorber", "start_date": "2026-09-04T05:20:00+00:00", "title": "Gym"}, {"desc": "Schon seit vielen Jahren er\u00f6ffnen die Panoramabilder aus Bayern, \u00d6sterreich und S\u00fcdtirol, begleitet von den lokalen und regionalen Wettermeldungen, allmorgendlich einen Blick auf die Sch\u00f6nheit von Gebirgswelten. (Senderinfo).", "start_date": "2026-09-04T05:35:00+00:00", "title": "Panoramabilder; Bergwetter"}, {"desc": "Bewegung ist die beste M\u00f6glichkeit, ein gesundes und selbstst\u00e4ndiges Leben bis ins hohe Alter zu f\u00fchren. Ohne Bewegung lassen wichtige Funktionen nach, die Muskeln werden schw\u00e4cher, die Gelenke unbeweglicher, der Gleichgewichtssinn schwindet. Schuld ist nicht allein der Alterungsprozess, sondern auch, wie die k\u00f6rperlichen F\u00e4higkeiten trainiert werden. \"Tele-Gym \u2013 aktiv & beweglich mit 60+\" stellt ", "start_date": "2026-09-04T07:00:00+00:00", "title": "Tele-Gym"}, {"desc": "Die Sendung erz\u00e4hlt Geschichten aus dem fiktiven oberbayerischen Dorf Lansing, wo Tradition, Gemeinschaft und d\u00f6rflicher Alltag eng miteinander verwoben sind. Im Zentrum stehen die Familien und Bewohner, deren humorvolle, herzliche und manchmal konfliktreiche Erlebnisse den Charme der Serie ausmachen. Schaupl\u00e4tze wie der Brunnerwirt, der Dorfplatz oder die Werkstatt bilden den vertrauten Rahmen, i", "start_date": "2026-09-04T07:15:00+00:00", "title": "Dahoam is Dahoam"}, {"desc": "Die Sendung erz\u00e4hlt Geschichten aus dem fiktiven oberbayerischen Dorf Lansing, wo Tradition, Gemeinschaft und d\u00f6rflicher Alltag eng miteinander verwoben sind. Im Zentrum stehen die Familien und Bewohner, deren humorvolle, herzliche und manchmal konfliktreiche Erlebnisse den Charme der Serie ausmachen. Schaupl\u00e4tze wie der Brunnerwirt, der Dorfplatz oder die Werkstatt bilden den vertrauten Rahmen, i", "start_date": "2026-09-04T07:45:00+00:00", "title": "Dahoam is Dahoam"}, {"desc": "In \"Nashorn, Zebra & Co\" geben die Filmemacher Felix Heidinger und Jens-Uwe Heins Einblicke hinter die Kulissen des M\u00fcnchner Zoos Hellabrunn. Im M\u00fcnchner Tierpark Hellabrunn gibt es im Elefantenrevier keine festen Rituale. Die Dickh\u00e4uter halten n\u00e4mlich weder von \u00dcberraschungen noch von Ver\u00e4nderungen viel. Im Polarium sieht ein Pinguin total zerrupft aus, dem wird doch nichts fehlen? Rosi ist neu i", "start_date": "2026-09-04T08:15:00+00:00", "title": "Nashorn, Zebra & Co"}, {"desc": "Von der Geburt bis zum Tod \u2013 in der Natur sind die meisten Tiere vielen Gefahren ausgesetzt. Um zu \u00fcberleben, entwickelten sie die unterschiedlichsten Strategien, wie Naturfilmer Andreas Schulze zeigt. Um zu \u00fcberleben, entwickelten sich im Tierreich die unterschiedlichsten Strategien. Jungtiere k\u00f6nnen dabei oft auf die Hilfe ihrer Eltern z\u00e4hlen und sp\u00e4ter dann, mit etwas Gl\u00fcck, eigenen Nachwuchs h", "start_date": "2026-09-04T09:05:00+00:00", "title": "Abenteuer Wildnis"}, {"desc": "Neueste wissenschaftliche Erkenntnisse bei Krankheiten und Heilungsmethoden und Tipps und Anregungen f\u00fcr richtige Ern\u00e4hrung, sportliche Aktivit\u00e4ten und viele weitere Gl\u00fccksmomente. Expertinnen und Experten zeigen, wie Training perfekt gelingt und wie man gesund kochen kann. Psychologie-Themen runden das Angebot ab. Pilzvergiftung Wie lassen sich Speisepilze von giftigen Doppelg\u00e4ngern unterscheiden", "start_date": "2026-09-04T09:50:00+00:00", "title": "aktiv und gesund"}, {"desc": "Mit Tipps f\u00fcr die Gartenpraxis und die Gestaltung von G\u00e4rten, Terrassen und Balkonen. Einen Schwerpunkt bilden Berichte \u00fcber Pflanzen und Filme \u00fcber die sch\u00f6nsten G\u00e4rten der Welt. Hinzu kommen viele Anregungen und Gestaltungs-Inspirationen sowie Bastelvorschl\u00e4ge, Rezepte und Wissenswertes \u00fcber Ern\u00e4hrung, Gesundheit und Heilpflanzen. Dahlien und Begleiter Gartenexpertin Sabrina Nitsche pflanzt Dahl", "start_date": "2026-09-04T10:20:00+00:00", "title": "Schnittgut. Alles aus dem Garten"}, {"desc": "Der fr\u00fchere HNO-Arzt Henrik Oswald ber\u00e4t die Sachsenklinik bei der Anschaffung eines neuen Lasers f\u00fcr die HNO-Abteilung. Als er das Klinikgel\u00e4nde verl\u00e4sst, nimmt er einem Krankenwagen beim Ausparken fast die Vorfahrt. Am Nachmittag wird er mit einer Mittelfu\u00dffraktur als Patient in der Sachsenklinik aufgenommen. Er kommt zu Wolfram Meyer ins Zimmer, einem sportbegeisterten Steuerberater. Henrik Osw", "start_date": "2026-09-04T10:50:00+00:00", "title": "In aller Freundschaft"}, {"desc": "Eine junge Bloggerin ist tot, sie starb an einer Mischung aus Alkohol und einer gespritzten Dosis Ketamin. Eine erste Spur f\u00fchrt zu dem Pferdez\u00fcchter Pascal Raat (Kai Scheve). Der deutlich \u00e4ltere, verheiratete Mann hatte eine Aff\u00e4re mit dem M\u00e4dchen. Aber Raat beteuert seine Unschuld. Die Kommissare Finn Kiesewetter (Sven Martinek) und Lars Englen (Ingo Naujoks) verd\u00e4chten ihn. Eine junge Bloggerin", "start_date": "2026-09-04T11:35:00+00:00", "title": "Morden im Norden"}, {"desc": "Schauspieler und Musiker Wotan Wilke M\u00f6hring ist ab Staffel 12 neuer Teamkapit\u00e4n bei \"Wer wei\u00df denn sowas?\". Zusammen mit Bernhard Ho\u00ebcker stellt er sich den unglaublichen, am\u00fcsanten und \u00fcberraschenden Fragen von Moderator Kai Pflaume. Superhirn Bernhard Ho\u00ebcker und Quizmaster Wotan Wilke M\u00f6hring spielen im Team mit jeweils einem prominenten Studiogast, denn es gilt, richtige Antworten auf skurril", "start_date": "2026-09-04T12:25:00+00:00", "title": "Wer wei\u00df denn sowas?"}, {"desc": "Der Ableger des \"Quizduell\" l\u00e4uft seit Oktober 2015. Ein Promi-Team tritt im Studio gegen drei Experten an, die das \"Team Deutschland\" ersetzen. Gespielt wird um 10 000 Euro. W\u00e4hrend die Experten in der Hauptrunde die Kategorie w\u00e4hlen, entscheiden die Prominenten, gegen wen sie spielen. \\n\\nIm Wechsel w\u00e4hlen auch die Promis Kategorien, mit der sie gegen den jeweiligen Experten antreten. Im Finale ", "start_date": "2026-09-04T13:10:00+00:00", "title": "Quizduell-Olymp"}, {"desc": "Aus der BR24-Redaktion kommt t\u00e4glich eine 15-min\u00fctige BR24-Sendung um 16.00 Uhr und die halbst\u00fcndige Hauptausgabe mit Sportblock um 18.30 Uhr sowie eine Ausgabe um 21.45 Uhr. An Sonntagen und Feiertagen ist auch die Hauptausgabe 15 Minuten lang, die Sp\u00e4tausgabe beginnt am Sonntag in der Regel erst um 23.00 Uhr. Montags bis freitags wird ferner zwischen 8.00 bis 15.00 Uhr f\u00fcnf Ausgaben der BR24-100", "start_date": "2026-09-04T14:00:00+00:00", "title": "BR24"}, {"desc": "Zu Gast ist Hundet\u00e4nzerin Cora Czermak. \"Wir in Bayern\" berichtet \u00fcber eine Hausschuhmanufaktur im Frankenwald und in der \"Unbedingt\"-Reihe \u00fcber Gitarren. Zudem gibt Birgit Salewski Tipps gegen \"Aufschieberitis\". Und Franzisca Jacobs-Pl\u00f6tz macht Rote-Bete-Polenta-Schnitten mit gebackenem Kohl und Salzzitronen-Mayo. In den Sommerferien blickt \"Wir in Bayern\" zur\u00fcck auf die sch\u00f6nsten Momente aus dem", "start_date": "2026-09-04T14:15:00+00:00", "title": "Wir in Bayern \u2013 Das Sch\u00f6nste aus 2025"}, {"desc": "Die Sendung berichtet werktags \u00fcber das Geschehen in Ober-, Mittel- und Unterfranken. T\u00e4glich ist das Team in der Region unterwegs, um die wichtigsten Nachrichten aus Politik, Wirtschaft, Gesellschaft und Kultur aufzugreifen und verst\u00e4ndlich aufzubereiten. Die Sendung bietet einen kompakten \u00dcberblick \u00fcber aktuelle Entwicklungen und ordnet diese ein. Erg\u00e4nzt wird das Programm durch Hintergrundberic", "start_date": "2026-09-04T15:30:00+00:00", "title": "Frankenschau aktuell"}, {"desc": "Seit 1954 informiert die \"Abendschau\" \u00fcber Neuigkeiten und Wissenswertes aus dem Freistaat Bayern und z\u00e4hlt damit zu den \u00e4ltesten Fernsehsendungen Deutschlands. Die regionalen Berichte werden h\u00e4ufig durch sorgf\u00e4ltig recherchiertes Hintergrundwissen erg\u00e4nzt. Das Format umfasst zudem Beitr\u00e4ge zu Kultur und Musik. Gelegentlich f\u00fchren die Moderatoren Gespr\u00e4che mit Studiog\u00e4sten zu aktuellen Themen. Dar", "start_date": "2026-09-04T16:00:00+00:00", "title": "Abendschau"}, {"desc": "Aus der BR24-Redaktion kommt t\u00e4glich eine 15-min\u00fctige BR24-Sendung um 16.00 Uhr und die halbst\u00fcndige Hauptausgabe mit Sportblock um 18.30 Uhr sowie eine Ausgabe um 21.45 Uhr. An Sonntagen und Feiertagen ist auch die Hauptausgabe 15 Minuten lang, die Sp\u00e4tausgabe beginnt am Sonntag in der Regel erst um 23.00 Uhr. Montags bis freitags wird ferner zwischen 8.00 bis 15.00 Uhr f\u00fcnf Ausgaben der BR24-100", "start_date": "2026-09-04T16:30:00+00:00", "title": "BR24"}, {"desc": "\u201eUnser Land\u201c zeigt vielf\u00e4ltige Eindr\u00fccke zu aktuellen Themen und Portr\u00e4ts aus der Landwirtschaft und dem Umwelt- und Verbraucherschutz.", "start_date": "2026-09-04T17:00:00+00:00", "title": "Unser Land"}, {"desc": "Festtagsstimmung in Bad Windsheim: Dort, wo die Kirchweih \"Kerwa\" hei\u00dft, der \"Kerwa-Baum\" noch eigenh\u00e4ndig im Wald geschlagen wird und das bernsteinfarbene Kerwa-Bier die feiernden Franken erfrischt, erkundet das Team von \"Landgasth\u00e4user\" den malerischen Aischgrund mit seiner reichen Brautradition. So befindet sich hier das \u00e4lteste noch in Betrieb befindliche Sudhaus Deutschlands, wo einmal im Jah", "start_date": "2026-09-04T17:30:00+00:00", "title": "Landgasth\u00e4user Bierschmankerl"}, {"desc": "Seit 1952 wird die Nachrichtensendung pr\u00e4sentiert. Sie informiert t\u00e4glich \u00fcber die wichtigsten Ereignisse aus Politik, Wirtschaft, Gesellschaft, Kultur und Sport. Die Sendung bietet einen kompakten und verl\u00e4sslichen \u00dcberblick \u00fcber das nationale und internationale Geschehen. Reporterinnen und Reporter sowie Korrespondentinnen und Korrespondenten berichten aus dem In- und Ausland und ordnen aktuelle", "start_date": "2026-09-04T18:00:00+00:00", "title": "Tagesschau"}, {"desc": "Gerade als Revierleiterin Sabine Kaiser (Katharina M\u00fcller-Elmau) Feierabend machen will, erh\u00e4lt sie Besuch von einem aufdringlichen Herrn. Nach einem sichtlich unangenehmen Gespr\u00e4ch setzt sie ihnren Besucher vor die T\u00fcr. Nur wenig sp\u00e4ter wird sie beim Verlassen des Reviers von einem maskierten Mann \u00fcberw\u00e4ltigt. \\n\\nHandelt es sich hier um denselben Mann? Oder gibt es einen Zusammenhang mit Kaisers", "start_date": "2026-09-04T18:15:00+00:00", "title": "Hubert ohne Staller"}, {"desc": "Der Metztger Zirngibl stirbt beim Sturz vom Hochsitz und f\u00e4llt prompt auf die Tramperin Lea. W\u00e4hrend die mit Gehirnersch\u00fctterung in der Klinik landet, entpuppt sich Zirngibls Tod als Mord. Aber auch Lea hat eine \u00dcberraschung in petto.", "start_date": "2026-09-04T19:00:00+00:00", "title": "Hubert ohne Staller"}, {"desc": "Aus der BR24-Redaktion kommt t\u00e4glich eine 15-min\u00fctige BR24-Sendung um 16.00 Uhr und die halbst\u00fcndige Hauptausgabe mit Sportblock um 18.30 Uhr sowie eine Ausgabe um 21.45 Uhr. An Sonntagen und Feiertagen ist auch die Hauptausgabe 15 Minuten lang, die Sp\u00e4tausgabe beginnt am Sonntag in der Regel erst um 23.00 Uhr. Montags bis freitags wird ferner zwischen 8.00 bis 15.00 Uhr f\u00fcnf Ausgaben der BR24-100", "start_date": "2026-09-04T19:50:00+00:00", "title": "BR24"}, {"desc": "Ein Abend, an dem alles schiefgeht \u2013 und genau deshalb gro\u00dfartig wird: Auf der B\u00fchne der Com\u00f6die F\u00fcrth ger\u00e4t eine harmlose Nachricht zur Katastrophe, ein Nachbar verwandelt eine Wohnung in eine Baustelle und aus kleinen Peinlichkeiten wird ein tobendes Chaos. \\n\\nHei\u00dfmann und Rassau servieren eine turbulente Verwechslungsgeschichte, in der moderne Alltagsfallen wie Messenger-Pannen, Dating-Irrsinn", "start_date": "2026-09-04T20:05:00+00:00", "title": "Hei\u00dfmann + Rassau"}, {"desc": "Zum Tennisprofi hat es nicht gereicht, daher verdingt sich Chris Wilton als Trainer in Londons Upperclass. Der aus einfachen Verh\u00e4ltnissen kommende Ire will mehr \u2013 und bekommt es, als er sich mit den High-Society-Geschwistern Chloe und Tom anfreundet. \\n\\nBald darf er die s\u00fc\u00dfe Chloe heiraten, in Schwiegerpapas Firma einsteigen und ein Leben im Luxus f\u00fchren. Nur eines k\u00f6nnte ihn zu Fall bringen: se", "start_date": "2026-09-04T20:50:00+00:00", "title": "Match Point"}, {"desc": "Eigentlich haben sie den Buchclub gegr\u00fcndet, um ihren Geist zu stimulieren. Entsprechend entsetzt sind die Seniorinnen Diane (Diane Keaton), Sharon (Candice Bergen) und Carol (Mary Steenburgen) \u00fcber Vivians aktuellen Lekt\u00fcrevorschlag: den erotischen Weltbestseller \u201eFifty Shades of Grey\u201c. Dieses Buch, hofft Vivian (Jane Fonda), werde noch ganz andere Dinge stimulieren. Und sie wird recht behalten\u2026 ", "start_date": "2026-09-04T22:50:00+00:00", "title": "Book Club \u2013 Das Beste kommt noch"}, {"desc": "Zu Gast ist Hundet\u00e4nzerin Cora Czermak. \"Wir in Bayern\" berichtet \u00fcber eine Hausschuhmanufaktur im Frankenwald und in der \"Unbedingt\"-Reihe \u00fcber Gitarren. Zudem gibt Birgit Salewski Tipps gegen \"Aufschieberitis\". Und Franzisca Jacobs-Pl\u00f6tz macht Rote-Bete-Polenta-Schnitten mit gebackenem Kohl und Salzzitronen-Mayo. In den Sommerferien blickt \"Wir in Bayern\" zur\u00fcck auf die sch\u00f6nsten Momente aus dem", "start_date": "2026-09-05T00:25:00+00:00", "title": "Wir in Bayern \u2013 Das Sch\u00f6nste aus 2025"}, {"desc": "Die Sendung berichtet werktags \u00fcber das Geschehen in Ober-, Mittel- und Unterfranken. T\u00e4glich ist das Team in der Region unterwegs, um die wichtigsten Nachrichten aus Politik, Wirtschaft, Gesellschaft und Kultur aufzugreifen und verst\u00e4ndlich aufzubereiten. Die Sendung bietet einen kompakten \u00dcberblick \u00fcber aktuelle Entwicklungen und ordnet diese ein. Erg\u00e4nzt wird das Programm durch Hintergrundberic", "start_date": "2026-09-05T01:40:00+00:00", "title": "Frankenschau aktuell"}, {"desc": "Die Sendung berichtet von Montag bis Freitag \u00fcber aktuelle Ereignisse, Menschen und Entwicklungen aus Bayern. Das Regionalmagazin greift Themen aus Politik, Wirtschaft, Kultur und Sport auf und zeigt, was die Menschen im Freistaat bewegt. Ob kommunale Herausforderungen, gesellschaftliche Debatten, besondere Freizeitangebote oder spannende Geschichten aus dem Alltag \u2013 die Sendung bietet einen vielf", "start_date": "2026-09-05T02:10:00+00:00", "title": "Abendschau \u2013 Der S\u00fcden"}, {"desc": "Seit 1954 informiert die \"Abendschau\" \u00fcber Neuigkeiten und Wissenswertes aus dem Freistaat Bayern und z\u00e4hlt damit zu den \u00e4ltesten Fernsehsendungen Deutschlands. Die regionalen Berichte werden h\u00e4ufig durch sorgf\u00e4ltig recherchiertes Hintergrundwissen erg\u00e4nzt. Das Format umfasst zudem Beitr\u00e4ge zu Kultur und Musik. Gelegentlich f\u00fchren die Moderatoren Gespr\u00e4che mit Studiog\u00e4sten zu aktuellen Themen. Dar", "start_date": "2026-09-05T02:40:00+00:00", "title": "Abendschau"}, {"desc": "Der Film zeigt den italienischen Astronauten Luca Parmitano bei der ESA-Vorbereitung auf seinen Astronauteneinsatz, zeigt ihn beim Start im russischen Baikonur und begleitet ihn in seinem ALLtag auf der ISS. BR, Programmwoche 21 (Senderinfo).", "start_date": "2026-09-05T03:15:00+00:00", "title": "Space Night"}, {"desc": "Was bewegt junge Menschen, wenn sie den Musterungsbogen zum freiwilligen Wehrdienst erhalten? Viele f\u00fchlen sich vor existentielle Fragen gestellt und suchen Beratung. F\u00fcr was leiste ich den Dienst an der Waffe? Lehne ich Waffengewalt ab? Lange waren die Kirchen eine Beratungsinstitution f\u00fcr Kriegsdienstverweigerung. Nun haben die Kirchen sich eine neue Friedensethik gegeben und auch ringen um ihre", "start_date": "2026-09-05T04:00:00+00:00", "title": "Stationen"}, {"desc": "Die Sendung erz\u00e4hlt Geschichten aus dem fiktiven oberbayerischen Dorf Lansing, wo Tradition, Gemeinschaft und d\u00f6rflicher Alltag eng miteinander verwoben sind. Im Zentrum stehen die Familien und Bewohner, deren humorvolle, herzliche und manchmal konfliktreiche Erlebnisse den Charme der Serie ausmachen. Schaupl\u00e4tze wie der Brunnerwirt, der Dorfplatz oder die Werkstatt bilden den vertrauten Rahmen, i", "start_date": "2026-09-05T04:30:00+00:00", "title": "Dahoam is Dahoam"}, {"desc": "Die Sendung erz\u00e4hlt Geschichten aus dem fiktiven oberbayerischen Dorf Lansing, wo Tradition, Gemeinschaft und d\u00f6rflicher Alltag eng miteinander verwoben sind. Im Zentrum stehen die Familien und Bewohner, deren humorvolle, herzliche und manchmal konfliktreiche Erlebnisse den Charme der Serie ausmachen. Schaupl\u00e4tze wie der Brunnerwirt, der Dorfplatz oder die Werkstatt bilden den vertrauten Rahmen, i", "start_date": "2026-09-05T05:00:00+00:00", "title": "Dahoam is Dahoam"}, {"desc": "Jugendliches Aussehen und ein straffer K\u00f6rper haben wenig mit den Pfunden zu tun, die man auf den Rippen hat. Vielmehr kommt es darauf an, dass die Proportionen stimmen. Das erreicht man, indem nicht einzelne Muskeln, sondern ganze Muskelketten und somit Bewegungsabl\u00e4ufe trainiert werden. Dieses kurzweilige, effektive Gesundheits- und Figurtraining legt sehr viel Wert auf die St\u00e4rkung der tiefen M", "start_date": "2026-09-05T05:30:00+00:00", "title": "Tele-Gym"}, {"desc": "Schon seit vielen Jahren er\u00f6ffnen die Panoramabilder aus Bayern, \u00d6sterreich und S\u00fcdtirol, begleitet von den lokalen und regionalen Wettermeldungen, allmorgendlich einen Blick auf die Sch\u00f6nheit von Gebirgswelten. (Senderinfo).", "start_date": "2026-09-05T05:45:00+00:00", "title": "Panoramabilder; Bergwetter"}, {"desc": "Bewegung ist die beste M\u00f6glichkeit, ein gesundes und selbstst\u00e4ndiges Leben bis ins hohe Alter zu f\u00fchren. Ohne Bewegung lassen wichtige Funktionen nach, die Muskeln werden schw\u00e4cher, die Gelenke unbeweglicher, der Gleichgewichtssinn schwindet. Schuld ist nicht allein der Alterungsprozess, sondern auch, wie die k\u00f6rperlichen F\u00e4higkeiten trainiert werden. \"Tele-Gym \u2013 aktiv & beweglich mit 60+\" stellt ", "start_date": "2026-09-05T06:40:00+00:00", "title": "Tele-Gym"}, {"desc": "Willkommen bei \"Sehen statt H\u00f6ren\" \u2013 der einzigen Sendereihe in der deutschen Fernsehlandschaft, die im Bild sichtbar macht, was man sonst nur im Ton h\u00f6rt! Nicht im \"Off.", "start_date": "2026-09-05T06:55:00+00:00", "title": "Sehen statt H\u00f6ren"}, {"desc": "Auf seiner Reise durch die Unterwasserwelt des Mittelmeers hat der Biologe Christian Lott herausgefunden, dass die gro\u00dfen Unterwasserj\u00e4ger wie Haie, Thunfisch oder der riesige Zackenbarsch vom Aussterben bedroht sind. Die Urlauber f\u00fcrchten sie: die J\u00e4ger und Killer aus der Tiefe. Sogar an den Str\u00e4nden des Tourismusmagnets Mittelmeer sollen sich zahllose Bewohner tummeln, die die Badefreuden tr\u00fcben", "start_date": "2026-09-05T07:25:00+00:00", "title": "Welt der Tiere"}, {"desc": "In den Bergen von West-Papua hat die Saison des \"Laubenbauens\" begonnen. Laubenv\u00f6gel errichten zur Balz die verschiedensten Bauten. Welches M\u00e4nnchen der Laubenv\u00f6gel wird diesmal die gr\u00f6\u00dfte Anerkennung f\u00fcr seine Bauten bekommen und die Weibchen damit bezirzen? Fr\u00fche Besucher von Papua-Neuguinea hielten die h\u00fctten\u00e4hnlichen Gebilde, die oft weit \u00fcber einen Meter im Durchmesser und in der H\u00f6he sind, f", "start_date": "2026-09-05T07:55:00+00:00", "title": "Welt der Tiere"}, {"desc": "Juristin Julia (Katharina B\u00f6hm) f\u00e4hrt nach Verona, um f\u00fcr das Imperium ihres Lovers Peter (Markus Boysen) die \u00dcbernahme der Pasta-Manufaktur Galvani einzuleiten. Die italienische Sippe zeigt sich indes widerborstig und schickt den Anwalt Robert (Christoph M. Ohrt) ins Rennen. Jetzt geht\u2019s auch ans Herz. Denn vor 15 Jahren verband Julia und Robert die ganz gro\u00dfe Liebe. Doch sie fand ein j\u00e4hes Ende,", "start_date": "2026-09-05T08:25:00+00:00", "title": "Wiedersehen in Verona"}, {"desc": "Die Sendung \"Glockenl\u00e4uten\" des Bayerischen Rundfunks zeigt Kirchen und Kapellen in verschiedenen Regionen Bayerns und stellt deren Glocken in den Mittelpunkt. Erz\u00e4hlt werden Entstehung, handwerkliche Gestaltung und Geschichte der Gel\u00e4ute. In ruhigen Bildern und mit knappen Kommentaren wird sp\u00fcrbar, welche Rolle der Klang der Glocken f\u00fcr religi\u00f6se Praxis, Erinnerung und regionale Identit\u00e4t spielt.", "start_date": "2026-09-05T09:55:00+00:00", "title": "Glockenl\u00e4uten aus der Stadtpfarrkirche St. Johannis in Schweinfurt"}, {"desc": "Zahnarzt Jonas (Oliver Stokowski) genie\u00dft das Leben als angeblich gequ\u00e4lter Ehemann auf Mallorca, junge Geliebte inklusive. Jasmin (Lisa Br\u00fchlmann) aber will Klarheit und die scheidungswillige Gattin treffen. Ein Notfall f\u00fcr den unverheirateten Zahnklempner. Sprechstundenhilfe Bella (Christine Neubaurer) soll als Ehefrau einspringen. Dabei ist die Praxiskraft l\u00e4ngst heimlich in ihren Chef verliebt", "start_date": "2026-09-05T10:00:00+00:00", "title": "Bella und der Feigenbaum"}, {"desc": "Die Gerichte: Kartoffel-Carpaccio mit Parmesan und Steinpilzen, Lachsmedaillons mit Tomaten-Kapern-Gem\u00fcse, niederbayerische Schuxen Von Krapfen \u00fcber Kirtanudeln bis hin zu Auszogenen \u2013 in kaum einem anderen Landstrich gibt es so viel Schmalzgebackenes wie im Freistaat. Hans J\u00f6rg Bachmeier zeigt in seiner Marktk\u00fcche eine niederbayerische Variante: die Schuxen. Dazu serviert er italienisch inspirier", "start_date": "2026-09-05T11:30:00+00:00", "title": "Einfach. Gut. Bachmeier"}, {"desc": "Das letzte Aufeinandertreffen vor heimischem Publikum endete f\u00fcr Regensburg bitter. Felix Strauss und Co. mussten eine deutliche 0:4-Niederlage hinnehmen. (Senderinfo).", "start_date": "2026-09-05T12:00:00+00:00", "title": "Fu\u00dfball: 3. Liga"}, {"desc": "Sein Leben dreht sich vor allem um eins: Holz \u2013 wie es riecht, wie es sich anf\u00fchlt, wie es klingt. Franz Keilhofer ist heimatverbunden, naturverbunden und Autodidakt. Holz ist sein Leben und Drechseln hat sich Franz Keilhofer selbst beigebracht. Ganz nebenbei ist er ein erfolgreiches Model. Seinen Durchbruch hatte er 2015 als DAS Gesicht Bayerns, f\u00fcr die bundesweite Tourismuskampagne des Freistaat", "start_date": "2026-09-05T14:00:00+00:00", "title": "L\u00e4ndermagazin"}, {"desc": "Die zweitgr\u00f6\u00dfte Insel Italiens l\u00f6ste sich vor Urzeiten vom Festland, als die s\u00fcdlichen Alpen entstanden. Samt seiner tierischen Bewohner driftete Sardinien \u2014 wie eine Arche \u2014 Richtung Afrika. Zu den \u00e4ltesten Arten, die dort heimisch sind, geh\u00f6rt der Sopramonte-H\u00f6hlensalamander. Erst vor rund 4000 Jahren brachten Eroberer Rothirsche auf die Insel, die sich dem Leben vor Ort anpassten. So entwickelt", "start_date": "2026-09-05T14:30:00+00:00", "title": "natur exclusiv"}, {"desc": "Am Sonntag wird der Blick g\u00e4nzlich auf den Sport gerichtet. Seit 1975 wird in der w\u00f6chentlichen Talkshow \u00fcber die Spiele der bedeutendsten bayrischen Fu\u00dfballvereine diskutiert und \u00fcber weitere aktuelle Sportereignisse berichtet. Zu den G\u00e4sten z\u00e4hlten schon Funktion\u00e4re und Athleten verschiedenster Sportarten (u. a. Manager Stefan Reuter, Fu\u00dfballprofi Philipp Max oder auch Ex-Skirennl\u00e4ufer Felix Neu", "start_date": "2026-09-05T15:15:00+00:00", "title": "Blickpunkt Sport"}, {"desc": "Echtes entdecken, genau hinschauen, sich Zeit nehmen \u2013 \"Zwischen Spessart und Karwendel\" gibt Einblicke in Geschichte und Gegenwart von Bayerns Regionen. Mit Portr\u00e4ts von Menschen, die etwas Besonderes tun und mit Themen, die von einem lebendigen und verantwortungsvollen Umgang mit Heimat erz\u00e4hlen. Moderatoren sind im Wechsel Florian Schrei und Florian Hartmann. (Senderinfo).", "start_date": "2026-09-05T15:45:00+00:00", "title": "Zwischen Spessart und Karwendel"}, {"desc": "Aus der BR24-Redaktion kommt t\u00e4glich eine 15-min\u00fctige BR24-Sendung um 16.00 Uhr und die halbst\u00fcndige Hauptausgabe mit Sportblock um 18.30 Uhr sowie eine Ausgabe um 21.45 Uhr. An Sonntagen und Feiertagen ist auch die Hauptausgabe 15 Minuten lang, die Sp\u00e4tausgabe beginnt am Sonntag in der Regel erst um 23.00 Uhr. Montags bis freitags wird ferner zwischen 8.00 bis 15.00 Uhr f\u00fcnf Ausgaben der BR24-100", "start_date": "2026-09-05T16:30:00+00:00", "title": "BR24"}, {"desc": "Schon Oma wusste: Wer rastet, der rostet. Die Dokumentation geht der Frage nach, wie sehr wir unser biologisches Alter selbst steuern k\u00f6nnen. Im Zentrum stehen faszinierende Pers\u00f6nlichkeiten wie der 82-j\u00e4hrige Friedhelm Adorf, der erst mit 50 zur Leichtathletik fand und heute als mehrfacher Weltmeister im Sprint zeigt, dass man auch im hohen Alter den J\u00fcngeren davonlaufen kann. Der Film begleitet ", "start_date": "2026-09-05T16:45:00+00:00", "title": "ARD Wissen"}, {"desc": "Familiensch\u00e4tze, Dachbodenfunde, Flohmarktschn\u00e4ppchen: Was die G\u00e4ste den Expertinnen und Experten bei \"Kunst + Krempel\" auf den Tisch legen, sorgt immer wieder f\u00fcr gro\u00dfe \u00dcberraschungen \u2013 und l\u00e4sst in den Beratungen Kunstgeschichte lebendig werden. Ist die ber\u00fchmte Wiener Marke auf der Porzellanfigur echt? Der Besitzer hat Zweifel und ist gespannt auf die Bewertung der Experten bei \"Kunst + Krempel", "start_date": "2026-09-05T17:30:00+00:00", "title": "Kunst + Krempel"}, {"desc": "Seit 1952 wird die Nachrichtensendung pr\u00e4sentiert. Sie informiert t\u00e4glich \u00fcber die wichtigsten Ereignisse aus Politik, Wirtschaft, Gesellschaft, Kultur und Sport. Die Sendung bietet einen kompakten und verl\u00e4sslichen \u00dcberblick \u00fcber das nationale und internationale Geschehen. Reporterinnen und Reporter sowie Korrespondentinnen und Korrespondenten berichten aus dem In- und Ausland und ordnen aktuelle", "start_date": "2026-09-05T18:00:00+00:00", "title": "Tagesschau"}, {"desc": "In Niedernussdorf geht\u2019s beschaulich zu. Au\u00dfer wenn mal wieder eine Leiche auftaucht: Diesmal trifft es eine junge Altenpflegerin, die keiner zu vermissen scheint. Da sich die etwas schlichten Dorfpolizisten am liebsten in der Kneipe pr\u00fcgeln, kommt Kommissarin Gisela Wegmeyer (Johanna Bittenbinder) die Amtshilfe des Straubinger Kollegen Lederer (Florian Karlheim) ganz recht. Eine Spur f\u00fchrt zu Arz", "start_date": "2026-09-05T18:15:00+00:00", "title": "Paradies 505. Ein Niederbayernkrimi"}, {"desc": "Wie er herausfindet, ist Frederike Bader (Marie Leuenberger) Ex-Polizistin und samt Tochter Mia (Nadja Sabersky) im Zeugenschutzprogramm, weil sie gegen einen arabischen Clanchef ausgesagt hat. Misstrauisch nimmt Frederike den Detektiv unter die Lupe \u2013 und wird in dessen aktuellen Fall verwickelt. \\n\\nEin reicher Jurastudent (Lion Leuker) hat Zankl damit beauftragt, eine Kellnerin (Pauline Werner)", "start_date": "2026-09-05T19:45:00+00:00", "title": "Freund oder Feind. Ein Krimi aus Passau"}, {"desc": "Privatdetektiv Ferdinand Zankl landet im Knast, aber nicht wegen des Berliner Clan-Killers, den er get\u00f6tet und vergraben hat, sondern wegen seiner Ex-Freundin Nunzia Rossi. Die Tierheimleiterin wurde ermordet, und gespeicherte Telefondaten belasten Zankl schwer. \\n\\nEr braucht die Hilfe von Frederike Bader (Marie Leuenberger), doch die ehemalige Berliner Hauptkommissarin im Zeugenschutz blockt ab ", "start_date": "2026-09-05T21:15:00+00:00", "title": "Die Donau ist tief. Ein Krimi aus Passau"}, {"desc": "Zahnarzt Jonas (Oliver Stokowski) genie\u00dft das Leben als angeblich gequ\u00e4lter Ehemann auf Mallorca, junge Geliebte inklusive. Jasmin (Lisa Br\u00fchlmann) aber will Klarheit und die scheidungswillige Gattin treffen. Ein Notfall f\u00fcr den unverheirateten Zahnklempner. Sprechstundenhilfe Bella (Christine Neubaurer) soll als Ehefrau einspringen. Dabei ist die Praxiskraft l\u00e4ngst heimlich in ihren Chef verliebt", "start_date": "2026-09-05T22:45:00+00:00", "title": "Bella und der Feigenbaum"}], "offset": "+00:00", "timezone": "UTC", "error_code": -1, "start_date": "2026-09-04", "icon": ""}