{"end_date": "2026-09-06", "name": "BR", "info_url": "https://epg.pw/channels/76712/20260829.html", "country": "Germany", "description": null, "error_message": "", "provider": "", "source_url": "https://epg.pw/api/epg.json?channel_id=76712&date=20260829&timezone=None", "epg_list": [{"desc": "Zu Gast ist Hundet\u00e4nzerin Cora Czermak. \"Wir in Bayern\" berichtet \u00fcber eine Hausschuhmanufaktur im Frankenwald und in der \"Unbedingt\"-Reihe \u00fcber Gitarren. Zudem gibt Birgit Salewski Tipps gegen \"Aufschieberitis\". Und Franzisca Jacobs-Pl\u00f6tz macht Rote-Bete-Polenta-Schnitten mit gebackenem Kohl und Salzzitronen-Mayo. In den Sommerferien blickt \"Wir in Bayern\" zur\u00fcck auf die sch\u00f6nsten Momente aus dem", "start_date": "2026-09-05T00:25:00+00:00", "title": "Wir in Bayern \u2013 Das Sch\u00f6nste aus 2025"}, {"desc": "Die Sendung berichtet werktags \u00fcber das Geschehen in Ober-, Mittel- und Unterfranken. T\u00e4glich ist das Team in der Region unterwegs, um die wichtigsten Nachrichten aus Politik, Wirtschaft, Gesellschaft und Kultur aufzugreifen und verst\u00e4ndlich aufzubereiten. Die Sendung bietet einen kompakten \u00dcberblick \u00fcber aktuelle Entwicklungen und ordnet diese ein. Erg\u00e4nzt wird das Programm durch Hintergrundberic", "start_date": "2026-09-05T01:40:00+00:00", "title": "Frankenschau aktuell"}, {"desc": "Die Sendung berichtet von Montag bis Freitag \u00fcber aktuelle Ereignisse, Menschen und Entwicklungen aus Bayern. Das Regionalmagazin greift Themen aus Politik, Wirtschaft, Kultur und Sport auf und zeigt, was die Menschen im Freistaat bewegt. Ob kommunale Herausforderungen, gesellschaftliche Debatten, besondere Freizeitangebote oder spannende Geschichten aus dem Alltag \u2013 die Sendung bietet einen vielf", "start_date": "2026-09-05T02:10:00+00:00", "title": "Abendschau \u2013 Der S\u00fcden"}, {"desc": "Seit 1954 informiert die \"Abendschau\" \u00fcber Neuigkeiten und Wissenswertes aus dem Freistaat Bayern und z\u00e4hlt damit zu den \u00e4ltesten Fernsehsendungen Deutschlands. Die regionalen Berichte werden h\u00e4ufig durch sorgf\u00e4ltig recherchiertes Hintergrundwissen erg\u00e4nzt. Das Format umfasst zudem Beitr\u00e4ge zu Kultur und Musik. Gelegentlich f\u00fchren die Moderatoren Gespr\u00e4che mit Studiog\u00e4sten zu aktuellen Themen. Dar", "start_date": "2026-09-05T02:40:00+00:00", "title": "Abendschau"}, {"desc": "Der Film zeigt den italienischen Astronauten Luca Parmitano bei der ESA-Vorbereitung auf seinen Astronauteneinsatz, zeigt ihn beim Start im russischen Baikonur und begleitet ihn in seinem ALLtag auf der ISS. BR, Programmwoche 21 (Senderinfo).", "start_date": "2026-09-05T03:15:00+00:00", "title": "Space Night"}, {"desc": "Was bewegt junge Menschen, wenn sie den Musterungsbogen zum freiwilligen Wehrdienst erhalten? Viele f\u00fchlen sich vor existentielle Fragen gestellt und suchen Beratung. F\u00fcr was leiste ich den Dienst an der Waffe? Lehne ich Waffengewalt ab? Lange waren die Kirchen eine Beratungsinstitution f\u00fcr Kriegsdienstverweigerung. Nun haben die Kirchen sich eine neue Friedensethik gegeben und auch ringen um ihre", "start_date": "2026-09-05T04:00:00+00:00", "title": "Stationen"}, {"desc": "Die Sendung erz\u00e4hlt Geschichten aus dem fiktiven oberbayerischen Dorf Lansing, wo Tradition, Gemeinschaft und d\u00f6rflicher Alltag eng miteinander verwoben sind. Im Zentrum stehen die Familien und Bewohner, deren humorvolle, herzliche und manchmal konfliktreiche Erlebnisse den Charme der Serie ausmachen. Schaupl\u00e4tze wie der Brunnerwirt, der Dorfplatz oder die Werkstatt bilden den vertrauten Rahmen, i", "start_date": "2026-09-05T04:30:00+00:00", "title": "Dahoam is Dahoam"}, {"desc": "Die Sendung erz\u00e4hlt Geschichten aus dem fiktiven oberbayerischen Dorf Lansing, wo Tradition, Gemeinschaft und d\u00f6rflicher Alltag eng miteinander verwoben sind. Im Zentrum stehen die Familien und Bewohner, deren humorvolle, herzliche und manchmal konfliktreiche Erlebnisse den Charme der Serie ausmachen. Schaupl\u00e4tze wie der Brunnerwirt, der Dorfplatz oder die Werkstatt bilden den vertrauten Rahmen, i", "start_date": "2026-09-05T05:00:00+00:00", "title": "Dahoam is Dahoam"}, {"desc": "Jugendliches Aussehen und ein straffer K\u00f6rper haben wenig mit den Pfunden zu tun, die man auf den Rippen hat. Vielmehr kommt es darauf an, dass die Proportionen stimmen. Das erreicht man, indem nicht einzelne Muskeln, sondern ganze Muskelketten und somit Bewegungsabl\u00e4ufe trainiert werden. Dieses kurzweilige, effektive Gesundheits- und Figurtraining legt sehr viel Wert auf die St\u00e4rkung der tiefen M", "start_date": "2026-09-05T05:30:00+00:00", "title": "Tele-Gym"}, {"desc": "Schon seit vielen Jahren er\u00f6ffnen die Panoramabilder aus Bayern, \u00d6sterreich und S\u00fcdtirol, begleitet von den lokalen und regionalen Wettermeldungen, allmorgendlich einen Blick auf die Sch\u00f6nheit von Gebirgswelten. (Senderinfo).", "start_date": "2026-09-05T05:45:00+00:00", "title": "Panoramabilder; Bergwetter"}, {"desc": "Bewegung ist die beste M\u00f6glichkeit, ein gesundes und selbstst\u00e4ndiges Leben bis ins hohe Alter zu f\u00fchren. Ohne Bewegung lassen wichtige Funktionen nach, die Muskeln werden schw\u00e4cher, die Gelenke unbeweglicher, der Gleichgewichtssinn schwindet. Schuld ist nicht allein der Alterungsprozess, sondern auch, wie die k\u00f6rperlichen F\u00e4higkeiten trainiert werden. \"Tele-Gym \u2013 aktiv & beweglich mit 60+\" stellt ", "start_date": "2026-09-05T06:40:00+00:00", "title": "Tele-Gym"}, {"desc": "Willkommen bei \"Sehen statt H\u00f6ren\" \u2013 der einzigen Sendereihe in der deutschen Fernsehlandschaft, die im Bild sichtbar macht, was man sonst nur im Ton h\u00f6rt! Nicht im \"Off.", "start_date": "2026-09-05T06:55:00+00:00", "title": "Sehen statt H\u00f6ren"}, {"desc": "Auf seiner Reise durch die Unterwasserwelt des Mittelmeers hat der Biologe Christian Lott herausgefunden, dass die gro\u00dfen Unterwasserj\u00e4ger wie Haie, Thunfisch oder der riesige Zackenbarsch vom Aussterben bedroht sind. Die Urlauber f\u00fcrchten sie: die J\u00e4ger und Killer aus der Tiefe. Sogar an den Str\u00e4nden des Tourismusmagnets Mittelmeer sollen sich zahllose Bewohner tummeln, die die Badefreuden tr\u00fcben", "start_date": "2026-09-05T07:25:00+00:00", "title": "Welt der Tiere"}, {"desc": "In den Bergen von West-Papua hat die Saison des \"Laubenbauens\" begonnen. Laubenv\u00f6gel errichten zur Balz die verschiedensten Bauten. Welches M\u00e4nnchen der Laubenv\u00f6gel wird diesmal die gr\u00f6\u00dfte Anerkennung f\u00fcr seine Bauten bekommen und die Weibchen damit bezirzen? Fr\u00fche Besucher von Papua-Neuguinea hielten die h\u00fctten\u00e4hnlichen Gebilde, die oft weit \u00fcber einen Meter im Durchmesser und in der H\u00f6he sind, f", "start_date": "2026-09-05T07:55:00+00:00", "title": "Welt der Tiere"}, {"desc": "Juristin Julia (Katharina B\u00f6hm) f\u00e4hrt nach Verona, um f\u00fcr das Imperium ihres Lovers Peter (Markus Boysen) die \u00dcbernahme der Pasta-Manufaktur Galvani einzuleiten. Die italienische Sippe zeigt sich indes widerborstig und schickt den Anwalt Robert (Christoph M. Ohrt) ins Rennen. Jetzt geht\u2019s auch ans Herz. Denn vor 15 Jahren verband Julia und Robert die ganz gro\u00dfe Liebe. Doch sie fand ein j\u00e4hes Ende,", "start_date": "2026-09-05T08:25:00+00:00", "title": "Wiedersehen in Verona"}, {"desc": "Die Sendung \"Glockenl\u00e4uten\" des Bayerischen Rundfunks zeigt Kirchen und Kapellen in verschiedenen Regionen Bayerns und stellt deren Glocken in den Mittelpunkt. Erz\u00e4hlt werden Entstehung, handwerkliche Gestaltung und Geschichte der Gel\u00e4ute. In ruhigen Bildern und mit knappen Kommentaren wird sp\u00fcrbar, welche Rolle der Klang der Glocken f\u00fcr religi\u00f6se Praxis, Erinnerung und regionale Identit\u00e4t spielt.", "start_date": "2026-09-05T09:55:00+00:00", "title": "Glockenl\u00e4uten aus der Stadtpfarrkirche St. Johannis in Schweinfurt"}, {"desc": "Zahnarzt Jonas (Oliver Stokowski) genie\u00dft das Leben als angeblich gequ\u00e4lter Ehemann auf Mallorca, junge Geliebte inklusive. Jasmin (Lisa Br\u00fchlmann) aber will Klarheit und die scheidungswillige Gattin treffen. Ein Notfall f\u00fcr den unverheirateten Zahnklempner. Sprechstundenhilfe Bella (Christine Neubaurer) soll als Ehefrau einspringen. Dabei ist die Praxiskraft l\u00e4ngst heimlich in ihren Chef verliebt", "start_date": "2026-09-05T10:00:00+00:00", "title": "Bella und der Feigenbaum"}, {"desc": "Die Gerichte: Kartoffel-Carpaccio mit Parmesan und Steinpilzen, Lachsmedaillons mit Tomaten-Kapern-Gem\u00fcse, niederbayerische Schuxen Von Krapfen \u00fcber Kirtanudeln bis hin zu Auszogenen \u2013 in kaum einem anderen Landstrich gibt es so viel Schmalzgebackenes wie im Freistaat. Hans J\u00f6rg Bachmeier zeigt in seiner Marktk\u00fcche eine niederbayerische Variante: die Schuxen. Dazu serviert er italienisch inspirier", "start_date": "2026-09-05T11:30:00+00:00", "title": "Einfach. Gut. Bachmeier"}, {"desc": "Das letzte Aufeinandertreffen vor heimischem Publikum endete f\u00fcr Regensburg bitter. Felix Strauss und Co. mussten eine deutliche 0:4-Niederlage hinnehmen. (Senderinfo).", "start_date": "2026-09-05T12:00:00+00:00", "title": "Fu\u00dfball: 3. Liga"}, {"desc": "Sein Leben dreht sich vor allem um eins: Holz \u2013 wie es riecht, wie es sich anf\u00fchlt, wie es klingt. Franz Keilhofer ist heimatverbunden, naturverbunden und Autodidakt. Holz ist sein Leben und Drechseln hat sich Franz Keilhofer selbst beigebracht. Ganz nebenbei ist er ein erfolgreiches Model. Seinen Durchbruch hatte er 2015 als DAS Gesicht Bayerns, f\u00fcr die bundesweite Tourismuskampagne des Freistaat", "start_date": "2026-09-05T14:00:00+00:00", "title": "L\u00e4ndermagazin"}, {"desc": "Die zweitgr\u00f6\u00dfte Insel Italiens l\u00f6ste sich vor Urzeiten vom Festland, als die s\u00fcdlichen Alpen entstanden. Samt seiner tierischen Bewohner driftete Sardinien \u2014 wie eine Arche \u2014 Richtung Afrika. Zu den \u00e4ltesten Arten, die dort heimisch sind, geh\u00f6rt der Sopramonte-H\u00f6hlensalamander. Erst vor rund 4000 Jahren brachten Eroberer Rothirsche auf die Insel, die sich dem Leben vor Ort anpassten. So entwickelt", "start_date": "2026-09-05T14:30:00+00:00", "title": "natur exclusiv"}, {"desc": "Am Sonntag wird der Blick g\u00e4nzlich auf den Sport gerichtet. Seit 1975 wird in der w\u00f6chentlichen Talkshow \u00fcber die Spiele der bedeutendsten bayrischen Fu\u00dfballvereine diskutiert und \u00fcber weitere aktuelle Sportereignisse berichtet. Zu den G\u00e4sten z\u00e4hlten schon Funktion\u00e4re und Athleten verschiedenster Sportarten (u. a. Manager Stefan Reuter, Fu\u00dfballprofi Philipp Max oder auch Ex-Skirennl\u00e4ufer Felix Neu", "start_date": "2026-09-05T15:15:00+00:00", "title": "Blickpunkt Sport"}, {"desc": "Echtes entdecken, genau hinschauen, sich Zeit nehmen \u2013 \"Zwischen Spessart und Karwendel\" gibt Einblicke in Geschichte und Gegenwart von Bayerns Regionen. Mit Portr\u00e4ts von Menschen, die etwas Besonderes tun und mit Themen, die von einem lebendigen und verantwortungsvollen Umgang mit Heimat erz\u00e4hlen. Moderatoren sind im Wechsel Florian Schrei und Florian Hartmann. (Senderinfo).", "start_date": "2026-09-05T15:45:00+00:00", "title": "Zwischen Spessart und Karwendel"}, {"desc": "Aus der BR24-Redaktion kommt t\u00e4glich eine 15-min\u00fctige BR24-Sendung um 16.00 Uhr und die halbst\u00fcndige Hauptausgabe mit Sportblock um 18.30 Uhr sowie eine Ausgabe um 21.45 Uhr. An Sonntagen und Feiertagen ist auch die Hauptausgabe 15 Minuten lang, die Sp\u00e4tausgabe beginnt am Sonntag in der Regel erst um 23.00 Uhr. Montags bis freitags wird ferner zwischen 8.00 bis 15.00 Uhr f\u00fcnf Ausgaben der BR24-100", "start_date": "2026-09-05T16:30:00+00:00", "title": "BR24"}, {"desc": "Schon Oma wusste: Wer rastet, der rostet. Die Dokumentation geht der Frage nach, wie sehr wir unser biologisches Alter selbst steuern k\u00f6nnen. Im Zentrum stehen faszinierende Pers\u00f6nlichkeiten wie der 82-j\u00e4hrige Friedhelm Adorf, der erst mit 50 zur Leichtathletik fand und heute als mehrfacher Weltmeister im Sprint zeigt, dass man auch im hohen Alter den J\u00fcngeren davonlaufen kann. Der Film begleitet ", "start_date": "2026-09-05T16:45:00+00:00", "title": "ARD Wissen"}, {"desc": "Familiensch\u00e4tze, Dachbodenfunde, Flohmarktschn\u00e4ppchen: Was die G\u00e4ste den Expertinnen und Experten bei \"Kunst + Krempel\" auf den Tisch legen, sorgt immer wieder f\u00fcr gro\u00dfe \u00dcberraschungen \u2013 und l\u00e4sst in den Beratungen Kunstgeschichte lebendig werden. Ist die ber\u00fchmte Wiener Marke auf der Porzellanfigur echt? Der Besitzer hat Zweifel und ist gespannt auf die Bewertung der Experten bei \"Kunst + Krempel", "start_date": "2026-09-05T17:30:00+00:00", "title": "Kunst + Krempel"}, {"desc": "Seit 1952 wird die Nachrichtensendung pr\u00e4sentiert. Sie informiert t\u00e4glich \u00fcber die wichtigsten Ereignisse aus Politik, Wirtschaft, Gesellschaft, Kultur und Sport. Die Sendung bietet einen kompakten und verl\u00e4sslichen \u00dcberblick \u00fcber das nationale und internationale Geschehen. Reporterinnen und Reporter sowie Korrespondentinnen und Korrespondenten berichten aus dem In- und Ausland und ordnen aktuelle", "start_date": "2026-09-05T18:00:00+00:00", "title": "Tagesschau"}, {"desc": "In Niedernussdorf geht\u2019s beschaulich zu. Au\u00dfer wenn mal wieder eine Leiche auftaucht: Diesmal trifft es eine junge Altenpflegerin, die keiner zu vermissen scheint. Da sich die etwas schlichten Dorfpolizisten am liebsten in der Kneipe pr\u00fcgeln, kommt Kommissarin Gisela Wegmeyer (Johanna Bittenbinder) die Amtshilfe des Straubinger Kollegen Lederer (Florian Karlheim) ganz recht. Eine Spur f\u00fchrt zu Arz", "start_date": "2026-09-05T18:15:00+00:00", "title": "Paradies 505. Ein Niederbayernkrimi"}, {"desc": "Wie er herausfindet, ist Frederike Bader (Marie Leuenberger) Ex-Polizistin und samt Tochter Mia (Nadja Sabersky) im Zeugenschutzprogramm, weil sie gegen einen arabischen Clanchef ausgesagt hat. Misstrauisch nimmt Frederike den Detektiv unter die Lupe \u2013 und wird in dessen aktuellen Fall verwickelt. \\n\\nEin reicher Jurastudent (Lion Leuker) hat Zankl damit beauftragt, eine Kellnerin (Pauline Werner)", "start_date": "2026-09-05T19:45:00+00:00", "title": "Freund oder Feind. Ein Krimi aus Passau"}, {"desc": "Privatdetektiv Ferdinand Zankl landet im Knast, aber nicht wegen des Berliner Clan-Killers, den er get\u00f6tet und vergraben hat, sondern wegen seiner Ex-Freundin Nunzia Rossi. Die Tierheimleiterin wurde ermordet, und gespeicherte Telefondaten belasten Zankl schwer. \\n\\nEr braucht die Hilfe von Frederike Bader (Marie Leuenberger), doch die ehemalige Berliner Hauptkommissarin im Zeugenschutz blockt ab ", "start_date": "2026-09-05T21:15:00+00:00", "title": "Die Donau ist tief. Ein Krimi aus Passau"}, {"desc": "Zahnarzt Jonas (Oliver Stokowski) genie\u00dft das Leben als angeblich gequ\u00e4lter Ehemann auf Mallorca, junge Geliebte inklusive. Jasmin (Lisa Br\u00fchlmann) aber will Klarheit und die scheidungswillige Gattin treffen. Ein Notfall f\u00fcr den unverheirateten Zahnklempner. Sprechstundenhilfe Bella (Christine Neubaurer) soll als Ehefrau einspringen. Dabei ist die Praxiskraft l\u00e4ngst heimlich in ihren Chef verliebt", "start_date": "2026-09-05T22:45:00+00:00", "title": "Bella und der Feigenbaum"}, {"desc": "Die zweitgr\u00f6\u00dfte Insel Italiens l\u00f6ste sich vor Urzeiten vom Festland, als die s\u00fcdlichen Alpen entstanden. Samt seiner tierischen Bewohner driftete Sardinien \u2014 wie eine Arche \u2014 Richtung Afrika. Zu den \u00e4ltesten Arten, die dort heimisch sind, geh\u00f6rt der Sopramonte-H\u00f6hlensalamander. Erst vor rund 4000 Jahren brachten Eroberer Rothirsche auf die Insel, die sich dem Leben vor Ort anpassten. So entwickelt", "start_date": "2026-09-06T00:15:00+00:00", "title": "natur exclusiv"}, {"desc": "Echtes entdecken, genau hinschauen, sich Zeit nehmen \u2013 \"Zwischen Spessart und Karwendel\" gibt Einblicke in Geschichte und Gegenwart von Bayerns Regionen. Mit Portr\u00e4ts von Menschen, die etwas Besonderes tun und mit Themen, die von einem lebendigen und verantwortungsvollen Umgang mit Heimat erz\u00e4hlen. Moderatoren sind im Wechsel Florian Schrei und Florian Hartmann. (Senderinfo).", "start_date": "2026-09-06T01:00:00+00:00", "title": "Zwischen Spessart und Karwendel"}, {"desc": "Schon Oma wusste: Wer rastet, der rostet. Die Dokumentation geht der Frage nach, wie sehr wir unser biologisches Alter selbst steuern k\u00f6nnen. Im Zentrum stehen faszinierende Pers\u00f6nlichkeiten wie der 82-j\u00e4hrige Friedhelm Adorf, der erst mit 50 zur Leichtathletik fand und heute als mehrfacher Weltmeister im Sprint zeigt, dass man auch im hohen Alter den J\u00fcngeren davonlaufen kann. Der Film begleitet ", "start_date": "2026-09-06T01:45:00+00:00", "title": "ARD Wissen"}, {"desc": "Familiensch\u00e4tze, Dachbodenfunde, Flohmarktschn\u00e4ppchen: Was die G\u00e4ste den Expertinnen und Experten bei \"Kunst + Krempel\" auf den Tisch legen, sorgt immer wieder f\u00fcr gro\u00dfe \u00dcberraschungen \u2013 und l\u00e4sst in den Beratungen Kunstgeschichte lebendig werden. Ist die ber\u00fchmte Wiener Marke auf der Porzellanfigur echt? Der Besitzer hat Zweifel und ist gespannt auf die Bewertung der Experten bei \"Kunst + Krempel", "start_date": "2026-09-06T02:30:00+00:00", "title": "Kunst + Krempel"}, {"desc": "Sein Leben dreht sich vor allem um eins: Holz \u2013 wie es riecht, wie es sich anf\u00fchlt, wie es klingt. Franz Keilhofer ist heimatverbunden, naturverbunden und Autodidakt. Holz ist sein Leben und Drechseln hat sich Franz Keilhofer selbst beigebracht. Ganz nebenbei ist er ein erfolgreiches Model. Seinen Durchbruch hatte er 2015 als DAS Gesicht Bayerns, f\u00fcr die bundesweite Tourismuskampagne des Freistaat", "start_date": "2026-09-06T03:00:00+00:00", "title": "L\u00e4ndermagazin"}, {"desc": "Astronomie ist eine der \u00e4ltesten Wissenschaften \u2013 und gleichzeitig eine der modernsten: Heute wird fortschrittliche Technologie genutzt, um immer tiefer und mit immer gr\u00f6\u00dferer Detailsch\u00e4rfe ins Weltall zu blicken. Hubble, Apex, Alma oder La Siola hei\u00dfen beispielsweise die Teleskope, mit denen das Weltall erforscht wird. Gezeigt werden faszinierende Bilder und Animationen, die alle auf den Ergebnis", "start_date": "2026-09-06T03:35:00+00:00", "title": "Space Night"}, {"desc": "Die \"Bewegungs-Docs\": Medizin, die etwas bewegt, sie hilft Menschen, die an ihren Gesundheitsproblemen fast verzweifeln. Die \"Docs\" sind Melanie H\u00fcmmelgen, Christian Sturm und Helge Riepenhof. Sie sind erfahrene Mediziner und wollen mit gezielten Bewegungsstrategien Symptome deutlich verbessern und Krankheiten heilen. Long Covid Zweimal an Corona erkrankt \u2013 seitdem ist f\u00fcr Angela K\u00fcck nichts mehr ", "start_date": "2026-09-06T04:00:00+00:00", "title": "Gesundheit!"}, {"desc": "Die Sendung erz\u00e4hlt Geschichten aus dem fiktiven oberbayerischen Dorf Lansing, wo Tradition, Gemeinschaft und d\u00f6rflicher Alltag eng miteinander verwoben sind. Im Zentrum stehen die Familien und Bewohner, deren humorvolle, herzliche und manchmal konfliktreiche Erlebnisse den Charme der Serie ausmachen. Schaupl\u00e4tze wie der Brunnerwirt, der Dorfplatz oder die Werkstatt bilden den vertrauten Rahmen, i", "start_date": "2026-09-06T04:30:00+00:00", "title": "Dahoam is Dahoam"}, {"desc": "Die Sendung erz\u00e4hlt Geschichten aus dem fiktiven oberbayerischen Dorf Lansing, wo Tradition, Gemeinschaft und d\u00f6rflicher Alltag eng miteinander verwoben sind. Im Zentrum stehen die Familien und Bewohner, deren humorvolle, herzliche und manchmal konfliktreiche Erlebnisse den Charme der Serie ausmachen. Schaupl\u00e4tze wie der Brunnerwirt, der Dorfplatz oder die Werkstatt bilden den vertrauten Rahmen, i", "start_date": "2026-09-06T05:00:00+00:00", "title": "Dahoam is Dahoam"}, {"desc": "In \"Tele-Gym \u2013 Nordic Walking\" zeigt Peter Schlickenrieder, wie man Nordic Walking abwechslungsreich gestalten und sich damit optimal auf den Wintersport vorbereiten kann. Nordic Walking wurde urspr\u00fcnglich als Sommertraining f\u00fcr Skilangl\u00e4ufer entwickelt. Es ist das perfekte Ganzk\u00f6rpertraining, da 90 Prozent aller Muskeln im Einsatz sind. Das \u00dcbungsprogramm ist in Zusammenarbeit mit dem Deutschen S", "start_date": "2026-09-06T05:30:00+00:00", "title": "Tele-Gym"}, {"desc": "Schon seit vielen Jahren er\u00f6ffnen die Panoramabilder aus Bayern, \u00d6sterreich und S\u00fcdtirol, begleitet von den lokalen und regionalen Wettermeldungen, allmorgendlich einen Blick auf die Sch\u00f6nheit von Gebirgswelten. (Senderinfo).", "start_date": "2026-09-06T05:45:00+00:00", "title": "Panoramabilder; Bergwetter"}, {"desc": "Mit einem riesigen Goldklumpen als Lohn f\u00fcr seine Arbeit macht sich \u201eHans im Gl\u00fcck\u201c (Anton Spieker) auf die Heimreise. Unterwegs tauscht er Gold gegen Pferd, gegen Kuh\u2026 und geht damit nur scheinbar schlechte Gesch\u00e4fte ein. Denn wirklich frei f\u00fchlt sich Hans nur ohne Besitz. \\n\\nKlassische Inszenierung mit sympathischen Figuren und klarer Botschaft.", "start_date": "2026-09-06T07:00:00+00:00", "title": "Hans im Gl\u00fcck"}, {"desc": "Molle und Daniel entdecken auf einer Radtour einen Hundez\u00fcchter auf dem alten Torfhof und starten eine Flugblattaktion, um die Tiere freizukaufen. Doch das n\u00f6tige Geld reicht nicht aus. Schlie\u00dflich greift Oma Brendel selbst ein, um zu helfen. Bei einer Radtour werden Molle und Daniel durch Hundegewinsel auf den alten Torfhof gelockt. Sie sind entsetzt. Hier lebt jetzt ein Hundez\u00fcchter, dem man sch", "start_date": "2026-09-06T08:00:00+00:00", "title": "Neues vom S\u00fcderhof"}, {"desc": "Der Sieg der erst 20-j\u00e4hrigen Trompeterin Selina Ott war die Sensation beim 67. Internationalen Musikwettbewerb der ARD in M\u00fcnchen. Sie stellte sich, ebenso wie die Preistr\u00e4ger der weiteren Kategorien Klaviertrio, Gesang und Viola, beim festlichen Preistr\u00e4gerkonzert am 21. September 2018 im Herkulessaal der M\u00fcnchner Residenz dem Publikum vor. Die zum Zeitpunkt ihres Erfolgs erst 20-j\u00e4hrige Trompet", "start_date": "2026-09-06T08:30:00+00:00", "title": "67. Internationaler Musikwettbewerb der ARD, M\u00fcnchen 2018"}, {"desc": "Brigitte Voss alias Dalli (Heidi Br\u00fchl) kehrt nach langer Zeit auf den Hof ihrer Jugend zur\u00fcck. Es gibt Streit mit dem P\u00e4chter, Witwer Alexander (Horst Janson). Seine Zwillingst\u00f6chter Billy und Bobby aber m\u00f6gen Brigitte\u2026\\n\\nDie einfallslose Fortsetzung konnte den Erfolg der Fifties-Kultfilme nicht wiederholen, dennoch folgte ein f\u00fcnfter Teil.", "start_date": "2026-09-06T09:15:00+00:00", "title": "Die Zwillinge vom Immenhof"}, {"desc": "\"Querbeet\" ist eine Magazinsendung f\u00fcr alle, die an g\u00e4rtnerischen Themen interessiert sind. Mit jahreszeitlich abgestimmten Pflanzenportr\u00e4ts, praktischen Tipps zur Pflanzenpflege, Vorstellung von Heil- und Giftpflanzen, Rezepten, Aufnahmen aus europ\u00e4ischen Gartenanlagen. Herbstliche K\u00fcbelbepflanzung Im Fr\u00fchjahr wurden die K\u00fcbel im \"Querbeet\"-Garten neu bepflanzt. Das hat leider nicht ganz so gekla", "start_date": "2026-09-06T10:45:00+00:00", "title": "Querbeet"}, {"desc": "Wegen seiner schroffen Felsformationen und des smaragdgr\u00fcn schimmernden, glasklaren Wassers gilt der Weissensee als die \u201eKaribik der Alpen\u201c. Als K\u00e4rntens h\u00f6chstgelegener Badesee besticht das Naturjuwel dadurch, dass nur ein Bruchteil seines 23 Kilometer langen Ufers verbaut ist.\\n\\nEine filmische Reise begleitet den See durch alle vier Jahreszeiten und l\u00e4sst Menschen zu Wort kommen, die eng mit di", "start_date": "2026-09-06T11:15:00+00:00", "title": "Berge der Zukunft"}, {"desc": "Echtes entdecken, genau hinschauen, sich Zeit nehmen \u2013 \"Zwischen Spessart und Karwendel\" gibt Einblicke in Geschichte und Gegenwart von Bayerns Regionen. Mit Portr\u00e4ts von Menschen, die etwas Besonderes tun und mit Themen, die von einem lebendigen und verantwortungsvollen Umgang mit Heimat erz\u00e4hlen. Moderatoren sind im Wechsel Florian Schrei und Florian Hartmann. (Senderinfo).", "start_date": "2026-09-06T12:00:00+00:00", "title": "Zwischen Spessart und Karwendel"}, {"desc": "Es ist ein Weg durch eine fast vergessene Region \u2013 und genau das macht ihn so einzigartig: das \"Gr\u00fcne Band\" in Bayern, die ehemalige Grenze zwischen BRD und DDR. Selbst auf dem Mountainbike ist der ehemalige Patrouillenweg der DDR-Grenzsoldaten ein Abenteuer. Florian Guthknecht erlebt so eine Landschaft, die ganz anders ist als die der touristisch erschlossenen Fernwander- oder Pilgerwege. Das \"Gr", "start_date": "2026-09-06T12:45:00+00:00", "title": "traumpfade"}, {"desc": "Sebastian Bezzel und Simon Schwarz reisen entlang der Altm\u00fchl \u2013 von Ornbau bis Kelheim. Sie befestigen das Ufer in der N\u00e4he von Ornbau, steigen mit Eisbadenden in Pappenheim in den kalten Fluss und suchen in Eichst\u00e4tt nach wertvollen Fossilien. Die langj\u00e4hrigen Freunde Sebastian Bezzel und Simon Schwarz, bekannt u. a. aus den \"Eberhofer\"-Krimis, begeben sich wieder auf Entdeckungstour. Im gemeinsa", "start_date": "2026-09-06T13:30:00+00:00", "title": "Bezzel & Schwarz \u2013 Die Grenzg\u00e4nger"}, {"desc": "\u201eUnser Land\u201c zeigt vielf\u00e4ltige Eindr\u00fccke zu aktuellen Themen und Portr\u00e4ts aus der Landwirtschaft und dem Umwelt- und Verbraucherschutz.", "start_date": "2026-09-06T14:15:00+00:00", "title": "Unser Land"}, {"desc": "Festtagsstimmung in Bad Windsheim: Dort, wo die Kirchweih \"Kerwa\" hei\u00dft, der \"Kerwa-Baum\" noch eigenh\u00e4ndig im Wald geschlagen wird und das bernsteinfarbene Kerwa-Bier die feiernden Franken erfrischt, erkundet das Team von \"Landgasth\u00e4user\" den malerischen Aischgrund mit seiner reichen Brautradition. So befindet sich hier das \u00e4lteste noch in Betrieb befindliche Sudhaus Deutschlands, wo einmal im Jah", "start_date": "2026-09-06T14:45:00+00:00", "title": "Landgasth\u00e4user Bierschmankerl"}, {"desc": "Die Gerichte: Kartoffelkn\u00f6del mit Br\u00f6sel-Schmelze, knuspriger Schweinebauch mit Bierso\u00dfe und Krautsalat Schweinsbraten, der Klassiker der bayerischen K\u00fcche, steht bei Hans J\u00f6rg Bachmeier auf dem Men\u00fc seiner \"Marktk\u00fcche\". Der M\u00fcnchner Starkoch zeigt nicht nur, wie ein Schweinebauch die perfekte resche Kruste und So\u00dfe bekommt, sondern kredenzt Krautsalat und selber gemachte Kartoffelkn\u00f6del als perfe", "start_date": "2026-09-06T15:15:00+00:00", "title": "Einfach. Gut. Bachmeier"}, {"desc": "Die w\u00f6chentliche Magazinsendung \"Schwaben + Altbayern\" berichtet \u00fcber regionale Ereignisse und Zusammenh\u00e4nge, die alle angehen: Reportagen und Portr\u00e4ts \u00fcber Menschen aus Schwaben, der Oberpfalz, Oberbayern und Niederbayern. Moderiert wird die Sendung im Wechsel von Eva Mayer und Eva Walig. (Senderinfo).", "start_date": "2026-09-06T15:45:00+00:00", "title": "Frankenschau"}, {"desc": "Aus der BR24-Redaktion kommt t\u00e4glich eine 15-min\u00fctige BR24-Sendung um 16.00 Uhr und die halbst\u00fcndige Hauptausgabe mit Sportblock um 18.30 Uhr sowie eine Ausgabe um 21.45 Uhr. An Sonntagen und Feiertagen ist auch die Hauptausgabe 15 Minuten lang, die Sp\u00e4tausgabe beginnt am Sonntag in der Regel erst um 23.00 Uhr. Montags bis freitags wird ferner zwischen 8.00 bis 15.00 Uhr f\u00fcnf Ausgaben der BR24-100", "start_date": "2026-09-06T16:30:00+00:00", "title": "BR24"}, {"desc": "Wanderungen, Bergf\u00fchrungen, Klettern, Hochtouren, Skidurchquerungen und Mountainbiking \u2013 das Bergauf\u2011Bergab\u2011Team ist in wechselnden Regionen unterwegs. Das traditionsreiche Bergsteigermagazin widmet sich Skifahren, Bergsteigen und Wandern und stellt passende Touren f\u00fcr Einsteiger und Erfahrene vor. Ein Filmteam begleitet Bergbegeisterte und Outdoorfans auf ihren abwechslungsreichen Unternehmungen ", "start_date": "2026-09-06T16:45:00+00:00", "title": "Bergauf-Bergab"}, {"desc": "Mitten im Naturschutzgebiet Allg\u00e4uer Hochalpen liegt eine alte Kulturlandschaft, das Hintersteiner Tal. Sie ist durch jahrhundertelange Weidewirtschaft entstanden, dank vieler engagierter Bewohner noch intakt \u2013 und wundersch\u00f6n. Das Hintersteiner Tal mit dem Dorf Hinterstein geh\u00f6rt zum Marktort Bad Hindelang und ist noch ein kleines Paradies. Das Filmteam trifft Menschen, die sich mit gro\u00dfer Leiden", "start_date": "2026-09-06T17:15:00+00:00", "title": "Unter unserem Himmel"}, {"desc": "Seit 1952 wird die Nachrichtensendung pr\u00e4sentiert. Sie informiert t\u00e4glich \u00fcber die wichtigsten Ereignisse aus Politik, Wirtschaft, Gesellschaft, Kultur und Sport. Die Sendung bietet einen kompakten und verl\u00e4sslichen \u00dcberblick \u00fcber das nationale und internationale Geschehen. Reporterinnen und Reporter sowie Korrespondentinnen und Korrespondenten berichten aus dem In- und Ausland und ordnen aktuelle", "start_date": "2026-09-06T18:00:00+00:00", "title": "Tagesschau"}, {"desc": "Zur Sommersonnwende treffen sich junge Volksmusikgruppen f\u00fcr ein Wochenende auf dem Berggasthof Neureuth, rund 1.300 Meter oberhalb des Tegernsee, zum Singen und Spielen. Sie kommen haupts\u00e4chlich aus der n\u00e4heren Umgebung, aus dem Oberland, aber es sind auch G\u00e4ste aus dem Salzburger Land dabei wie der Wiesberger Dreigesang. Die Tegernseer Tanzlmusi als Lokalmatador darf nat\u00fcrlich ebenso wenig fehle", "start_date": "2026-09-06T18:20:00+00:00", "title": "Musikantentreffen auf der Neureuth"}, {"desc": "Am Sonntag wird der Blick g\u00e4nzlich auf den Sport gerichtet. Seit 1975 wird in der w\u00f6chentlichen Talkshow \u00fcber die Spiele der bedeutendsten bayrischen Fu\u00dfballvereine diskutiert und \u00fcber weitere aktuelle Sportereignisse berichtet. Zu den G\u00e4sten z\u00e4hlten schon Funktion\u00e4re und Athleten verschiedenster Sportarten (u. a. Manager Stefan Reuter, Fu\u00dfballprofi Philipp Max oder auch Ex-Skirennl\u00e4ufer Felix Neu", "start_date": "2026-09-06T19:50:00+00:00", "title": "Blickpunkt Sport"}, {"desc": "Am Set seines neuen Films hat er l\u00e4ngst die Kontrolle verloren: Proben laufen ins Leere, Konflikte eskalieren, und statt Inspiration bestimmen Frust und Selbstzweifel seinen Alltag. Gregor wirkt wie ein Fremdk\u00f6rper in der eigenen Produktion \u2013 isoliert, reizbar und zunehmend desillusioniert.\\n\\nAbseits der Dreharbeiten sucht er Ablenkung in Routinen, die wenig Trost spenden. Doch eine zuf\u00e4llige Beg", "start_date": "2026-09-06T21:10:00+00:00", "title": "Bad Director"}, {"desc": "Ein Abend, an dem alles schiefgeht \u2013 und genau deshalb gro\u00dfartig wird: Auf der B\u00fchne der Com\u00f6die F\u00fcrth ger\u00e4t eine harmlose Nachricht zur Katastrophe, ein Nachbar verwandelt eine Wohnung in eine Baustelle und aus kleinen Peinlichkeiten wird ein tobendes Chaos. \\n\\nHei\u00dfmann und Rassau servieren eine turbulente Verwechslungsgeschichte, in der moderne Alltagsfallen wie Messenger-Pannen, Dating-Irrsinn", "start_date": "2026-09-06T23:10:00+00:00", "title": "Hei\u00dfmann + Rassau"}, {"desc": "14 Tage nur Junkfood: PULS Reportage-Reporter Kevin Ebert stellt sich einer extremen Food Challenge und l\u00e4sst vor und nach dem Selbstversuch seine K\u00f6rperwerte untersuchen. Was macht diese Ern\u00e4hrung mit seiner Gesundheit? (Senderinfo).", "start_date": "2026-09-06T23:55:00+00:00", "title": "PULS Reportage"}], "offset": "+00:00", "timezone": "UTC", "error_code": -1, "start_date": "2026-09-05", "icon": ""}