{"end_date": "2026-09-01", "name": "BR", "info_url": "https://epg.pw/channels/76712/20260831.html", "country": "Germany", "description": null, "error_message": "", "provider": "", "source_url": "https://epg.pw/api/epg.json?channel_id=76712&date=20260831&timezone=None", "epg_list": [{"desc": "In den 1970ern setzte man Hotelkolosse in die sch\u00f6nsten H\u00fcgel des Bayerischen Walds, Pensionen wurden im Jodel-Stil erbaut. Und heute? Filmautorin Sandra Wiest zeigt in \"Unter unserem Himmel\" Menschen, die Ferientr\u00e4ume wahr werden lassen, jenseits moderner Wellness-Tempel. Etwas versteckt, oberhalb von Drachselsried im Zellertal, liegt der Gutsgasthof Frath. Generationen lebten hier oben vom Wald ", "start_date": "2026-08-31T00:20:00+00:00", "title": "Unter unserem Himmel"}, {"desc": "Viele Weinfreunde denken, dass der Herbst die beste Jahreszeit f\u00fcr eine Weinreise sei. Weit gefehlt! Der aktuelle Jahrgang ist oft ausgetrunken, der neue Wein noch nicht da. Au\u00dferdem l\u00e4rmen jede Menge Traktoren durch den Weinberg, schlie\u00dflich findet im Herbst die Lese statt. Der Schmidt Max macht's da schlauer: Er hockt sich in seinen alten Opel Kadett und macht sich auf den Weg in die Toskana. Pe", "start_date": "2026-08-31T01:05:00+00:00", "title": "freizeit"}, {"desc": "Die w\u00f6chentliche Magazinsendung berichtet \u00fcber Menschen, Ereignisse und Hintergr\u00fcnde aus Schwaben, der Oberpfalz sowie Ober- und Niederbayern. Reportagen und Portr\u00e4ts zeigen aktuelle Entwicklungen ebenso wie ungew\u00f6hnliche und ber\u00fchrende Geschichten aus der Region. Die Sendung bietet vielf\u00e4ltige Einblicke in das Leben vor Ort und verbindet Information mit pers\u00f6nlichen Begegnungen. Moderiert wird si", "start_date": "2026-08-31T01:35:00+00:00", "title": "Frankenschau"}, {"desc": "Die w\u00f6chentliche Magazinsendung \"Schwaben + Altbayern\" berichtet \u00fcber regionale Ereignisse und Zusammenh\u00e4nge, die alle angehen: Reportagen und Portr\u00e4ts \u00fcber Menschen aus Schwaben, der Oberpfalz, Oberbayern und Niederbayern. Moderiert wird die Sendung im Wechsel von Eva Mayer und Eva Walig. (Senderinfo).", "start_date": "2026-08-31T02:20:00+00:00", "title": "Schwaben + Altbayern"}, {"desc": "Der Film zeigt den italienischen Astronauten Luca Parmitano bei der ESA-Vorbereitung auf seinen Astronauteneinsatz, zeigt ihn beim Start im russischen Baikonur und begleitet ihn in seinem ALLtag auf der ISS. BR, Programmwoche 21 (Senderinfo).", "start_date": "2026-08-31T03:10:00+00:00", "title": "Space Night"}, {"desc": "Viele Weinfreunde denken, dass der Herbst die beste Jahreszeit f\u00fcr eine Weinreise sei. Weit gefehlt! Der aktuelle Jahrgang ist oft ausgetrunken, der neue Wein noch nicht da. Au\u00dferdem l\u00e4rmen jede Menge Traktoren durch den Weinberg, schlie\u00dflich findet im Herbst die Lese statt. Der Schmidt Max macht's da schlauer: Er hockt sich in seinen alten Opel Kadett und macht sich auf den Weg in die Toskana. Pe", "start_date": "2026-08-31T04:00:00+00:00", "title": "freizeit"}, {"desc": "Marlon taucht auf und will um Fanny k\u00e4mpfen. Massimo erf\u00e4hrt, dass Olivia ausgerechnet an Adam ihr Herz verloren hat. Elias kommt hinter Katjas kleines Geheimnis. Erik und Yvonne finden wieder zueinander. Fannys und Kilians Liebesgl\u00fcck erh\u00e4lt einen kleinen D\u00e4mpfer, als Fanny das Zeichen ihrer gemeinsamen Liebe, die Rose, vertrocknet vorfindet. Fanny h\u00e4lt das f\u00fcr ein schlechtes Omen. Da taucht Marl", "start_date": "2026-08-31T04:30:00+00:00", "title": "Sturm der Liebe"}, {"desc": "Ein flacher Bauch, ein knackiger Po und straffe Beine \u2013 die Fitness-Expertin Nina Winkler hat daf\u00fcr nach neuen sportwissenschaftlichen Erkenntnissen die besten \u00dcbungen zusammengestellt. Die acht intensiven \u00dcbungseinheiten trainieren nicht nur die Muskeln, sondern heizen gleichzeitig den Stoffwechsel und die Fettverbrennung an. Dabei schmelzen die P\u00f6lsterchen, und Bauch, Beine und Po werden intensi", "start_date": "2026-08-31T05:20:00+00:00", "title": "Gym"}, {"desc": "Schon seit vielen Jahren er\u00f6ffnen die Panoramabilder aus Bayern, \u00d6sterreich und S\u00fcdtirol, begleitet von den lokalen und regionalen Wettermeldungen, allmorgendlich einen Blick auf die Sch\u00f6nheit von Gebirgswelten. (Senderinfo).", "start_date": "2026-08-31T05:35:00+00:00", "title": "Panoramabilder; Bergwetter"}, {"desc": "Schmerzfreie Knie mit Gabi Fastner Das Knie ist unser gr\u00f6\u00dftes Gelenk, bei vielen leider auch die gr\u00f6\u00dfte Schwachstelle. Mit dieser \u00dcbungseinheit kann das Knie sanft mobilisiert und die Muskulatur rund um das Knie gest\u00e4rkt werden. (Senderinfo).", "start_date": "2026-08-31T07:00:00+00:00", "title": "Tele-Gym"}, {"desc": "Die Sendung erz\u00e4hlt Geschichten aus dem fiktiven oberbayerischen Dorf Lansing, wo Tradition, Gemeinschaft und d\u00f6rflicher Alltag eng miteinander verwoben sind. Im Zentrum stehen die Familien und Bewohner, deren humorvolle, herzliche und manchmal konfliktreiche Erlebnisse den Charme der Serie ausmachen. Schaupl\u00e4tze wie der Brunnerwirt, der Dorfplatz oder die Werkstatt bilden den vertrauten Rahmen, i", "start_date": "2026-08-31T07:15:00+00:00", "title": "Dahoam is Dahoam"}, {"desc": "Die Sendung erz\u00e4hlt Geschichten aus dem fiktiven oberbayerischen Dorf Lansing, wo Tradition, Gemeinschaft und d\u00f6rflicher Alltag eng miteinander verwoben sind. Im Zentrum stehen die Familien und Bewohner, deren humorvolle, herzliche und manchmal konfliktreiche Erlebnisse den Charme der Serie ausmachen. Schaupl\u00e4tze wie der Brunnerwirt, der Dorfplatz oder die Werkstatt bilden den vertrauten Rahmen, i", "start_date": "2026-08-31T07:45:00+00:00", "title": "Dahoam is Dahoam"}, {"desc": "Die Zoo-Doku-Soap \"Elefant, Tiger & Co\" beleuchtet den Alltag hinter den Kulissen eines der renommiertesten Zoologischen G\u00e4rten Europas. Im Elefantentempel bleibt die Lage angespannt. Auch drei Wochen nach der Geburt entwickelt Elefantenkuh Hoa keine Muttergef\u00fchle. Stattdessen versiegt nun auch noch allm\u00e4hlich die lebenswichtige Muttermilch. Ohne zus\u00e4tzliche Nahrung h\u00e4tte ihr kleiner Bulle keine C", "start_date": "2026-08-31T08:15:00+00:00", "title": "Elefant, Tiger & Co"}, {"desc": "M\u00e4chtige Bergkulissen, klare Seen, Moore, dazwischen alte Streuobstwiesen und idyllische Weinberge, eingebettet in eine sanfte H\u00fcgellandschaft. Das Alpenvorland verbindet schroffe Bergwelten mit weitl\u00e4ufigen Ebenen. Nur an wenigen Stellen in Mitteleuropa kommen sich Wildnis und Zivilisation so nahe. Filmautor Patrick Centurioni zeigt die unbekannten Seiten des Alpenvorlandes und erz\u00e4hlt vom Leben ", "start_date": "2026-08-31T09:05:00+00:00", "title": "Am Fu\u00df der Berge \u2013 Das Alpenvorland"}, {"desc": "Neueste wissenschaftliche Erkenntnisse bei Krankheiten und Heilungsmethoden und Tipps und Anregungen f\u00fcr richtige Ern\u00e4hrung, sportliche Aktivit\u00e4ten und viele weitere Gl\u00fccksmomente. Expertinnen und Experten zeigen, wie Training perfekt gelingt und wie man gesund kochen kann. Psychologie-Themen runden das Angebot ab. Vitamine per Bonbon? Angereicherte Lebensmittel z. B. Bonbons mit Vitaminen: Nasche", "start_date": "2026-08-31T09:50:00+00:00", "title": "aktiv und gesund"}, {"desc": "Tipps f\u00fcr die Gartenpraxis und die Gestaltung von G\u00e4rten, Terrassen und Balkonen. Einen Schwerpunkt bilden Berichte \u00fcber Pflanzen und Filme \u00fcber die sch\u00f6nsten G\u00e4rten der Welt. Hinzu kommen viele Anregungen und Gestaltungs-Inspirationen sowie Bastelvorschl\u00e4ge, Rezepte und Wissenswertes \u00fcber Ern\u00e4hrung, Gesundheit und Heilpflanzen. Roter Meier Der Rote Meier ist ein Gem\u00fcse, dass schon Karl der Gro\u00dfe ", "start_date": "2026-08-31T10:20:00+00:00", "title": "Schnittgut. Alles aus dem Garten"}, {"desc": "In der Nacht vor seinem Abflug nach Australien bekommt Dr. Kaminskis Enkel Jack Althaus pl\u00f6tzlich Bauchschmerzen und Fieber. Kaminskis Sohn Fabian vermutet eine harmlose Reisekrankheit. Als sich die Beschwerden verschlimmern, l\u00e4sst Kaminski seinen Enkel in die Sachsenklinik bringen. Schnell stellt sich heraus, dass der Kleine sofort operiert werden muss. Doch Fabian vertraut seinem Vater nicht. Un", "start_date": "2026-08-31T10:50:00+00:00", "title": "In aller Freundschaft"}, {"desc": "Rechtsmediziner Dr. Strahl (Christoph Tomanek) erkl\u00e4rt Englen (Ingo Naujoks) und Finn (Sven Martinek), warum er an ein Gewaltverbrechen an der 17-j\u00e4hrigen Melanie glaubt. Bei den Ermittlungen erleben die Kommissare eine schaurige \u00dcberraschung.", "start_date": "2026-08-31T11:35:00+00:00", "title": "Morden im Norden"}, {"desc": "Schauspieler und Musiker Wotan Wilke M\u00f6hring ist ab Staffel 12 neuer Teamkapit\u00e4n bei \"Wer wei\u00df denn sowas?\". Zusammen mit Bernhard Ho\u00ebcker stellt er sich den unglaublichen, am\u00fcsanten und \u00fcberraschenden Fragen von Moderator Kai Pflaume. Superhirn Bernhard Ho\u00ebcker und Quizmaster Wotan Wilke M\u00f6hring spielen im Team mit jeweils einem prominenten Studiogast, denn es gilt, richtige Antworten auf skurril", "start_date": "2026-08-31T12:25:00+00:00", "title": "Wer wei\u00df denn sowas?"}, {"desc": "Der Ableger des \"Quizduell\" l\u00e4uft seit Oktober 2015. Ein Promi-Team tritt im Studio gegen drei Experten an, die das \"Team Deutschland\" ersetzen. Gespielt wird um 10 000 Euro. W\u00e4hrend die Experten in der Hauptrunde die Kategorie w\u00e4hlen, entscheiden die Prominenten, gegen wen sie spielen. \\n\\nIm Wechsel w\u00e4hlen auch die Promis Kategorien, mit der sie gegen den jeweiligen Experten antreten. Im Finale ", "start_date": "2026-08-31T13:10:00+00:00", "title": "Quizduell-Olymp"}, {"desc": "Aus der BR24-Redaktion kommt t\u00e4glich eine 15-min\u00fctige BR24-Sendung um 16.00 Uhr und die halbst\u00fcndige Hauptausgabe mit Sportblock um 18.30 Uhr sowie eine Ausgabe um 21.45 Uhr. An Sonntagen und Feiertagen ist auch die Hauptausgabe 15 Minuten lang, die Sp\u00e4tausgabe beginnt am Sonntag in der Regel erst um 23.00 Uhr. Montags bis freitags wird ferner zwischen 8.00 bis 15.00 Uhr f\u00fcnf Ausgaben der BR24-100", "start_date": "2026-08-31T14:00:00+00:00", "title": "BR24"}, {"desc": "Zu Gast ist der passionierte Jakobsweg-Pilger Reinhard Fuhr aus der N\u00e4he von Rosenheim, Alexandra Achenbach gibt Sommer-Upcycling-Tipps und Wolfgang Link macht roten Brathering mit Erbsenp\u00fcree und Curry-Fenchel. Au\u00dferdem geht es in der \"Unbedingt\"-Reihe um einen Kleiderladen und es wird in den \"Campingplatz-Geschichten\" berichtet von einem Adventure Camp im Bayerischen Wald. In den Sommerferien bl", "start_date": "2026-08-31T14:15:00+00:00", "title": "Wir in Bayern \u2013 Das Sch\u00f6nste aus 2025"}, {"desc": "Die Sendung berichtet werktags \u00fcber das Geschehen in Ober-, Mittel- und Unterfranken. T\u00e4glich ist das Team in der Region unterwegs, um die wichtigsten Nachrichten aus Politik, Wirtschaft, Gesellschaft und Kultur aufzugreifen und verst\u00e4ndlich aufzubereiten. Die Sendung bietet einen kompakten \u00dcberblick \u00fcber aktuelle Entwicklungen und ordnet diese ein. Erg\u00e4nzt wird das Programm durch Hintergrundberic", "start_date": "2026-08-31T15:30:00+00:00", "title": "Frankenschau aktuell"}, {"desc": "Seit 1954 informiert die \"Abendschau\" \u00fcber Neuigkeiten und Wissenswertes aus dem Freistaat Bayern und z\u00e4hlt damit zu den \u00e4ltesten Fernsehsendungen Deutschlands. Die regionalen Berichte werden h\u00e4ufig durch sorgf\u00e4ltig recherchiertes Hintergrundwissen erg\u00e4nzt. Das Format umfasst zudem Beitr\u00e4ge zu Kultur und Musik. Gelegentlich f\u00fchren die Moderatoren Gespr\u00e4che mit Studiog\u00e4sten zu aktuellen Themen. Dar", "start_date": "2026-08-31T16:00:00+00:00", "title": "Abendschau"}, {"desc": "Aus der BR24-Redaktion kommt t\u00e4glich eine 15-min\u00fctige BR24-Sendung um 16.00 Uhr und die halbst\u00fcndige Hauptausgabe mit Sportblock um 18.30 Uhr sowie eine Ausgabe um 21.45 Uhr. An Sonntagen und Feiertagen ist auch die Hauptausgabe 15 Minuten lang, die Sp\u00e4tausgabe beginnt am Sonntag in der Regel erst um 23.00 Uhr. Montags bis freitags wird ferner zwischen 8.00 bis 15.00 Uhr f\u00fcnf Ausgaben der BR24-100", "start_date": "2026-08-31T16:30:00+00:00", "title": "BR24"}, {"desc": "Klima, Artensterben, Umwelt: Die \"Unkraut\"-Reportage zeigt, was das konkret in Bayern mit sich bringt. Au\u00dferdem: gute Ideen f\u00fcr mehr Klimaschutz, und warum es sich lohnt, sich f\u00fcr die Natur einzusetzen. (Senderinfo).", "start_date": "2026-08-31T17:00:00+00:00", "title": "Nationalparks \u2013 Brandherde und Naturparadiese?"}, {"desc": "Die Sendung erz\u00e4hlt Geschichten aus dem fiktiven oberbayerischen Dorf Lansing, wo Tradition, Gemeinschaft und d\u00f6rflicher Alltag eng miteinander verwoben sind. Im Zentrum stehen die Familien und Bewohner, deren humorvolle, herzliche und manchmal konfliktreiche Erlebnisse den Charme der Serie ausmachen. Schaupl\u00e4tze wie der Brunnerwirt, der Dorfplatz oder die Werkstatt bilden den vertrauten Rahmen, i", "start_date": "2026-08-31T17:30:00+00:00", "title": "Dahoam is Dahoam"}, {"desc": "Seit 1952 wird die Nachrichtensendung pr\u00e4sentiert. Sie informiert t\u00e4glich \u00fcber die wichtigsten Ereignisse aus Politik, Wirtschaft, Gesellschaft, Kultur und Sport. Die Sendung bietet einen kompakten und verl\u00e4sslichen \u00dcberblick \u00fcber das nationale und internationale Geschehen. Reporterinnen und Reporter sowie Korrespondentinnen und Korrespondenten berichten aus dem In- und Ausland und ordnen aktuelle", "start_date": "2026-08-31T18:00:00+00:00", "title": "Tagesschau"}, {"desc": "Sebastian Bezzel und Simon Schwarz reisen entlang der Altm\u00fchl \u2013 von Ornbau bis Kelheim. Sie befestigen das Ufer in der N\u00e4he von Ornbau, steigen mit Eisbadenden in Pappenheim in den kalten Fluss und suchen in Eichst\u00e4tt nach wertvollen Fossilien. Die langj\u00e4hrigen Freunde Sebastian Bezzel und Simon Schwarz, bekannt u. a. aus den \"Eberhofer\"-Krimis, begeben sich wieder auf Entdeckungstour. Im gemeinsa", "start_date": "2026-08-31T18:15:00+00:00", "title": "Bezzel & Schwarz \u2013 Die Grenzg\u00e4nger"}, {"desc": "Wegen seiner schroffen Felsformationen und des smaragdgr\u00fcn schimmernden, glasklaren Wassers gilt der Weissensee als die \u201eKaribik der Alpen\u201c. Als K\u00e4rntens h\u00f6chstgelegener Badesee besticht das Naturjuwel dadurch, dass nur ein Bruchteil seines 23 Kilometer langen Ufers verbaut ist.\\n\\nEine filmische Reise begleitet den See durch alle vier Jahreszeiten und l\u00e4sst Menschen zu Wort kommen, die eng mit di", "start_date": "2026-08-31T19:00:00+00:00", "title": "Berge der Zukunft"}, {"desc": "Aus der BR24-Redaktion kommt t\u00e4glich eine 15-min\u00fctige BR24-Sendung um 16.00 Uhr und die halbst\u00fcndige Hauptausgabe mit Sportblock um 18.30 Uhr sowie eine Ausgabe um 21.45 Uhr. An Sonntagen und Feiertagen ist auch die Hauptausgabe 15 Minuten lang, die Sp\u00e4tausgabe beginnt am Sonntag in der Regel erst um 23.00 Uhr. Montags bis freitags wird ferner zwischen 8.00 bis 15.00 Uhr f\u00fcnf Ausgaben der BR24-100", "start_date": "2026-08-31T19:45:00+00:00", "title": "BR24"}, {"desc": "Anl\u00e4sslich seines 75. Geburtstags am 5. September beleuchtet die Dokumentation von Thomas Klinger das Leben und die Karriere von Welt- und Europameister Paul Breitner. Unvergessen sind seine Ikone-Auftritte in den 70er-Jahren \u2013 mit hochgekrempelten \u00c4rmeln, runtergezogenen Stutzen und wippender Afro-M\u00e4hne \u2013 sowie sein entscheidender Elfmeter im WM-Finale 1974. \\n\\nDoch der Film blickt weit \u00fcber den", "start_date": "2026-08-31T20:00:00+00:00", "title": "Paul Breitner \u2013 Einfach Paul"}, {"desc": "\"Bundesliga-Profis \u2013 Ein Jahr Fu\u00dfball mit Paul Breitner und Uli Hoene\u00df\" gibt einen unterhaltsamen und unvergleichlich intimen Einblick in das Leben und Leiden der beiden Bundesliga Profis Breitner und Hoene\u00df inmitten der turbulenten Saison 1978/79. Heute fast nicht mehr denkbar aber vor vielen Jahren bittere Realit\u00e4t f\u00fcr den FC Bayern: Statt voller Kassen hatte der Verein Schulden, Franz Beckenbau", "start_date": "2026-08-31T20:45:00+00:00", "title": "Bundesliga-Profis \u2013 Ein Jahr Fu\u00dfball mit Paul Breitner und Uli Hoene\u00df"}, {"desc": "Samet (Deniz Celilog\u02d8lu) arbeitet als Kunstlehrer in der t\u00fcrkischen Provinz, hofft aber auf eine baldige Versetzung nach Istanbul. Im Dorf genie\u00dft er hohes Ansehen. Besonders die talentierte Sevim (Ece Bagci) liegt ihm am Herzen. Als die Sch\u00fclerin ihm und seinem Kollegen und Mitbewohner Kenan (Musab Ekici) nach einem Streit vorwirft, sie unangemessen ber\u00fchrt zu haben, st\u00fcrzt der Lehrer in eine tie", "start_date": "2026-08-31T22:15:00+00:00", "title": "Auf trockenen Gr\u00e4sern"}, {"desc": "Die Sendung erz\u00e4hlt Geschichten aus dem fiktiven oberbayerischen Dorf Lansing, wo Tradition, Gemeinschaft und d\u00f6rflicher Alltag eng miteinander verwoben sind. Im Zentrum stehen die Familien und Bewohner, deren humorvolle, herzliche und manchmal konfliktreiche Erlebnisse den Charme der Serie ausmachen. Schaupl\u00e4tze wie der Brunnerwirt, der Dorfplatz oder die Werkstatt bilden den vertrauten Rahmen, i", "start_date": "2026-09-01T01:20:00+00:00", "title": "Dahoam is Dahoam"}, {"desc": "Zu Gast sind die Wander-Imker Jonas und Verena Trax. Diana Burkel macht Spanferkel mit Erbsen-Ingwer-Joghurt. Sonja Meiburg erkl\u00e4rt, was die Trainingsmethode \"Do as I do\" bedeutet, und wie man sie seinem Hund beibringt. Heimatforscher Dr. Adrian Ro\u00dfner durfte exklusiv einen Blick hinter die Kulissen der Eremitage in Bayreuth werfen und \"Wir in Bayern\" zeigt einen Beitrag \u00fcber Mainfischer, die sich", "start_date": "2026-09-01T01:50:00+00:00", "title": "Wir in Bayern \u2013 Das Sch\u00f6nste aus 2025"}, {"desc": "Die Sendung berichtet werktags \u00fcber das Geschehen in Ober-, Mittel- und Unterfranken. T\u00e4glich ist das Team in der Region unterwegs, um die wichtigsten Nachrichten aus Politik, Wirtschaft, Gesellschaft und Kultur aufzugreifen und verst\u00e4ndlich aufzubereiten. Die Sendung bietet einen kompakten \u00dcberblick \u00fcber aktuelle Entwicklungen und ordnet diese ein. Erg\u00e4nzt wird das Programm durch Hintergrundberic", "start_date": "2026-09-01T03:05:00+00:00", "title": "Frankenschau aktuell"}, {"desc": "Der Film zeigt den italienischen Astronauten Luca Parmitano bei der ESA-Vorbereitung auf seinen Astronauteneinsatz, zeigt ihn beim Start im russischen Baikonur und begleitet ihn in seinem ALLtag auf der ISS. BR, Programmwoche 21 (Senderinfo).", "start_date": "2026-09-01T03:40:00+00:00", "title": "Space Night"}, {"desc": "Die Sendung erz\u00e4hlt Geschichten aus dem fiktiven oberbayerischen Dorf Lansing, wo Tradition, Gemeinschaft und d\u00f6rflicher Alltag eng miteinander verwoben sind. Im Zentrum stehen die Familien und Bewohner, deren humorvolle, herzliche und manchmal konfliktreiche Erlebnisse den Charme der Serie ausmachen. Schaupl\u00e4tze wie der Brunnerwirt, der Dorfplatz oder die Werkstatt bilden den vertrauten Rahmen, i", "start_date": "2026-09-01T04:00:00+00:00", "title": "Dahoam is Dahoam"}, {"desc": "Marlon sp\u00fcrt, dass es im Kampf um Fanny einen Funken Hoffnung gibt. Adam tut Bu\u00dfe auf seine Art. Larissa bekommt unverhofft die Stelle als Restaurantleiterin. Fanny hat in Marlon unbewusst die Hoffnung geweckt, dass sich ein Kampf um ihre Liebe lohnt. Deshalb bleibt er in Bichlheim. Kilian ist davon nicht begeistert, obwohl Fanny ihm klarmacht, dass sie nur ihn liebt. Allerdings konfrontiert Fanny", "start_date": "2026-09-01T04:30:00+00:00", "title": "Sturm der Liebe"}, {"desc": "\"Tele-Gym: Aerobic, Bewegung, Tanz\": ein motivierendes Herz-Kreislauftraining, bei dem Ausstrahlung, Koordination, Fitness und Ausdauer verbessert werden mit viel Spa\u00df bei jedem Training! Mit den Dance Workouts von \"Tele-Gym: Aerobic, Bewegung, Tanz\" wird der gesamte K\u00f6rper von Kopf bis Fu\u00df trainiert: Einfache Bewegungen aktivieren die Stoffwechselsysteme, der Kreislauf wird angeregt und Kalorien ", "start_date": "2026-09-01T05:20:00+00:00", "title": "Gym"}, {"desc": "Schon seit vielen Jahren er\u00f6ffnen die Panoramabilder aus Bayern, \u00d6sterreich und S\u00fcdtirol, begleitet von den lokalen und regionalen Wettermeldungen, allmorgendlich einen Blick auf die Sch\u00f6nheit von Gebirgswelten. (Senderinfo).", "start_date": "2026-09-01T05:35:00+00:00", "title": "Panoramabilder; Bergwetter"}, {"desc": "Bewegung ist die beste M\u00f6glichkeit, ein gesundes und selbstst\u00e4ndiges Leben bis ins hohe Alter zu f\u00fchren. Ohne Bewegung lassen wichtige Funktionen nach, die Muskeln werden schw\u00e4cher, die Gelenke unbeweglicher, der Gleichgewichtssinn schwindet. Schuld ist nicht allein der Alterungsprozess, sondern auch, wie die k\u00f6rperlichen F\u00e4higkeiten trainiert werden. \"Tele-Gym \u2013 aktiv & beweglich mit 60+\" stellt ", "start_date": "2026-09-01T07:00:00+00:00", "title": "Tele-Gym"}, {"desc": "Die Sendung erz\u00e4hlt Geschichten aus dem fiktiven oberbayerischen Dorf Lansing, wo Tradition, Gemeinschaft und d\u00f6rflicher Alltag eng miteinander verwoben sind. Im Zentrum stehen die Familien und Bewohner, deren humorvolle, herzliche und manchmal konfliktreiche Erlebnisse den Charme der Serie ausmachen. Schaupl\u00e4tze wie der Brunnerwirt, der Dorfplatz oder die Werkstatt bilden den vertrauten Rahmen, i", "start_date": "2026-09-01T07:15:00+00:00", "title": "Dahoam is Dahoam"}, {"desc": "Die Sendung erz\u00e4hlt Geschichten aus dem fiktiven oberbayerischen Dorf Lansing, wo Tradition, Gemeinschaft und d\u00f6rflicher Alltag eng miteinander verwoben sind. Im Zentrum stehen die Familien und Bewohner, deren humorvolle, herzliche und manchmal konfliktreiche Erlebnisse den Charme der Serie ausmachen. Schaupl\u00e4tze wie der Brunnerwirt, der Dorfplatz oder die Werkstatt bilden den vertrauten Rahmen, i", "start_date": "2026-09-01T07:45:00+00:00", "title": "Dahoam is Dahoam"}, {"desc": "Die Zoo-Doku-Soap \"Elefant, Tiger & Co\" beleuchtet den Alltag hinter den Kulissen eines der renommiertesten Zoologischen G\u00e4rten Europas. Der kleine Elefant wird von seiner Mutter nach wie vor nicht angenommen. Das, was M\u00fctter sonst so machen w\u00fcrden, m\u00fcssen nun die Pfleger so gut es geht \u00fcbernehmen. Dazu geh\u00f6rt auch K\u00f6rperpflege. Thomas G\u00fcnther macht eine Lehmpackung f\u00fcr den Kleinen. Timo Gessner h", "start_date": "2026-09-01T08:15:00+00:00", "title": "Elefant, Tiger & Co"}, {"desc": "Das Filmteam hat die Dolomiten mehr als ein Jahr lang bereist und zeigt in der Dokumentation \"Dolomiten \u2013 Im Garten der Helden\" eine Wildnis im Aufbruch. Abseits touristischer Pfade hat das Weltnaturerbe Dolomiten \u00dcberraschungen zu bieten, die kein Sommer- oder Wintergast je zu Gesicht bekommt. Die Dolomiten sind die bekannteste Region der S\u00fcdalpen und ein Naturparadies \u2013 eine Landschaft wie gesch", "start_date": "2026-09-01T09:05:00+00:00", "title": "Dolomiten \u2013 Im Garten der Helden"}, {"desc": "Neueste wissenschaftliche Erkenntnisse bei Krankheiten und Heilungsmethoden und Tipps und Anregungen f\u00fcr richtige Ern\u00e4hrung, sportliche Aktivit\u00e4ten und viele weitere Gl\u00fccksmomente. Expertinnen und Experten zeigen, wie Training perfekt gelingt und wie man gesund kochen kann. Psychologie-Themen runden das Angebot ab. Fitter Darm Im Darm tummeln sich Billionen von Bakterien \u2013 Mikrobiom genannt. Je vi", "start_date": "2026-09-01T09:50:00+00:00", "title": "aktiv und gesund"}, {"desc": "Mit Tipps f\u00fcr die Gartenpraxis und die Gestaltung von G\u00e4rten, Terrassen und Balkonen. Einen Schwerpunkt bilden Berichte \u00fcber Pflanzen und Filme \u00fcber die sch\u00f6nsten G\u00e4rten der Welt. Hinzu kommen viele Anregungen und Gestaltungs-Inspirationen sowie Bastelvorschl\u00e4ge, Rezepte und Wissenswertes \u00fcber Ern\u00e4hrung, Gesundheit und Heilpflanzen. Nat\u00fcrlich wirksam: Chili Chilis enthalten Capsaicin, das antibakt", "start_date": "2026-09-01T10:20:00+00:00", "title": "Schnittgut. Alles aus dem Garten"}, {"desc": "Die schwangere Silke Osen und ihr Mann Jochen lassen in der Sachsenklinik von der Herzspezialistin Dr. Maria Weber das Herz ihres ungeborenen Kindes untersuchen. Leider best\u00e4tigt sich ihre Sorge, dass das Kind einen Herzfehler haben k\u00f6nnte. \u00dcber die anstehende Behandlung sind sich Maria Weber und Chefarzt Kai Hoffmann nicht einig. Wenn eine Operation im Mutterleib durchgef\u00fchrt werden muss, m\u00f6chte ", "start_date": "2026-09-01T10:50:00+00:00", "title": "In aller Freundschaft"}, {"desc": "Die schwangere Luna sieht, wie sich ihr Mann Ole heimlich mit seiner Jugendliebe Karolin trifft. Kurz darauf stirbt die Ex beim Autounfall. Tod am Baum. Verd\u00e4chtig: Sie hatte Ole 150.000 Euro geliehen. Wollte er durch einen Mord seine Schulden tilgen? Oder steckt die eifers\u00fcchtige Ehefrau dahinter? Harte Nuss f\u00fcr Finn (Sven Martinek) und Nina (Julia Sch\u00e4fle)!", "start_date": "2026-09-01T11:35:00+00:00", "title": "Morden im Norden"}, {"desc": "Schauspieler und Musiker Wotan Wilke M\u00f6hring ist ab Staffel 12 neuer Teamkapit\u00e4n bei \"Wer wei\u00df denn sowas?\". Zusammen mit Bernhard Ho\u00ebcker stellt er sich den unglaublichen, am\u00fcsanten und \u00fcberraschenden Fragen von Moderator Kai Pflaume. Superhirn Bernhard Ho\u00ebcker und Quizmaster Wotan Wilke M\u00f6hring spielen im Team mit jeweils einem prominenten Studiogast, denn es gilt, richtige Antworten auf skurril", "start_date": "2026-09-01T12:25:00+00:00", "title": "Wer wei\u00df denn sowas?"}, {"desc": "Der Ableger des \"Quizduell\" l\u00e4uft seit Oktober 2015. Ein Promi-Team tritt im Studio gegen drei Experten an, die das \"Team Deutschland\" ersetzen. Gespielt wird um 10 000 Euro. W\u00e4hrend die Experten in der Hauptrunde die Kategorie w\u00e4hlen, entscheiden die Prominenten, gegen wen sie spielen. \\n\\nIm Wechsel w\u00e4hlen auch die Promis Kategorien, mit der sie gegen den jeweiligen Experten antreten. Im Finale ", "start_date": "2026-09-01T13:10:00+00:00", "title": "Quizduell-Olymp"}, {"desc": "Aus der BR24-Redaktion kommt t\u00e4glich eine 15-min\u00fctige BR24-Sendung um 16.00 Uhr und die halbst\u00fcndige Hauptausgabe mit Sportblock um 18.30 Uhr sowie eine Ausgabe um 21.45 Uhr. An Sonntagen und Feiertagen ist auch die Hauptausgabe 15 Minuten lang, die Sp\u00e4tausgabe beginnt am Sonntag in der Regel erst um 23.00 Uhr. Montags bis freitags wird ferner zwischen 8.00 bis 15.00 Uhr f\u00fcnf Ausgaben der BR24-100", "start_date": "2026-09-01T14:00:00+00:00", "title": "BR24"}, {"desc": "In den Sommerferien blickt \"Wir in Bayern\" zur\u00fcck auf die sch\u00f6nsten Momente aus dem Jahr 2025. Es gibt ein Wiedersehen mit inspirierenden G\u00e4sten und spannenden Geschichten. Und mit den leckeren Rezepten zum Kochen und Backen sowie hilfreichen Servicetipps wird das Wiederentdecken Freude bereiten. (Senderinfo).", "start_date": "2026-09-01T14:15:00+00:00", "title": "Wir in Bayern \u2013 Das Sch\u00f6nste aus 2025"}, {"desc": "Die Sendung berichtet werktags \u00fcber das Geschehen in Ober-, Mittel- und Unterfranken. T\u00e4glich ist das Team in der Region unterwegs, um die wichtigsten Nachrichten aus Politik, Wirtschaft, Gesellschaft und Kultur aufzugreifen und verst\u00e4ndlich aufzubereiten. Die Sendung bietet einen kompakten \u00dcberblick \u00fcber aktuelle Entwicklungen und ordnet diese ein. Erg\u00e4nzt wird das Programm durch Hintergrundberic", "start_date": "2026-09-01T15:30:00+00:00", "title": "Frankenschau aktuell"}, {"desc": "Seit 1954 informiert die \"Abendschau\" \u00fcber Neuigkeiten und Wissenswertes aus dem Freistaat Bayern und z\u00e4hlt damit zu den \u00e4ltesten Fernsehsendungen Deutschlands. Die regionalen Berichte werden h\u00e4ufig durch sorgf\u00e4ltig recherchiertes Hintergrundwissen erg\u00e4nzt. Das Format umfasst zudem Beitr\u00e4ge zu Kultur und Musik. Gelegentlich f\u00fchren die Moderatoren Gespr\u00e4che mit Studiog\u00e4sten zu aktuellen Themen. Dar", "start_date": "2026-09-01T16:00:00+00:00", "title": "Abendschau"}, {"desc": "Aus der BR24-Redaktion kommt t\u00e4glich eine 15-min\u00fctige BR24-Sendung um 16.00 Uhr und die halbst\u00fcndige Hauptausgabe mit Sportblock um 18.30 Uhr sowie eine Ausgabe um 21.45 Uhr. An Sonntagen und Feiertagen ist auch die Hauptausgabe 15 Minuten lang, die Sp\u00e4tausgabe beginnt am Sonntag in der Regel erst um 23.00 Uhr. Montags bis freitags wird ferner zwischen 8.00 bis 15.00 Uhr f\u00fcnf Ausgaben der BR24-100", "start_date": "2026-09-01T16:30:00+00:00", "title": "BR24"}, {"desc": "Die \"Bewegungs-Docs\": Medizin, die etwas bewegt, sie hilft Menschen, die an ihren Gesundheitsproblemen fast verzweifeln. Die \"Docs\" sind Melanie H\u00fcmmelgen, Christian Sturm und Helge Riepenhof. Sie sind erfahrene Mediziner und wollen mit gezielten Bewegungsstrategien Symptome deutlich verbessern und Krankheiten heilen. Long Covid Zweimal an Corona erkrankt \u2013 seitdem ist f\u00fcr Angela K\u00fcck nichts mehr ", "start_date": "2026-09-01T17:00:00+00:00", "title": "Gesundheit!"}, {"desc": "Die Sendung erz\u00e4hlt Geschichten aus dem fiktiven oberbayerischen Dorf Lansing, wo Tradition, Gemeinschaft und d\u00f6rflicher Alltag eng miteinander verwoben sind. Im Zentrum stehen die Familien und Bewohner, deren humorvolle, herzliche und manchmal konfliktreiche Erlebnisse den Charme der Serie ausmachen. Schaupl\u00e4tze wie der Brunnerwirt, der Dorfplatz oder die Werkstatt bilden den vertrauten Rahmen, i", "start_date": "2026-09-01T17:30:00+00:00", "title": "Dahoam is Dahoam"}, {"desc": "Seit 1952 wird die Nachrichtensendung pr\u00e4sentiert. Sie informiert t\u00e4glich \u00fcber die wichtigsten Ereignisse aus Politik, Wirtschaft, Gesellschaft, Kultur und Sport. Die Sendung bietet einen kompakten und verl\u00e4sslichen \u00dcberblick \u00fcber das nationale und internationale Geschehen. Reporterinnen und Reporter sowie Korrespondentinnen und Korrespondenten berichten aus dem In- und Ausland und ordnen aktuelle", "start_date": "2026-09-01T18:00:00+00:00", "title": "Tagesschau"}, {"desc": "Costa (Janis Kyriakidis) pr\u00e4sentiert Martha (Veronika Fitz) ein Haus im Gr\u00fcnen. Ihr Ex-Ehemann Josef (Helmut Fischer) kann nicht glauben, dass sie Haidhausen verlassen m\u00f6chte. Als der Kaufvertrag bereits unterschrieben ist, wird auch Martha nachdenklich ... Der Verkauf des Olivenhains gibt Martha das Gef\u00fchl, sich nun pl\u00f6tzlich alles leisten zu k\u00f6nnen. Ilses Ratschl\u00e4ge, das Geld g\u00fcnstig anzulegen, ", "start_date": "2026-09-01T18:15:00+00:00", "title": "Die Hausmeisterin"}, {"desc": "Mit 76 Jahren trat Veronika Fitz zum letzten Mal vor die Kamera. So entstand das intime Portr\u00e4t einer Volksschauspielerin, die als Mitglied einer gro\u00dfen K\u00fcnstlerfamilie die Schauspielerei schon mit der Muttermilch aufgesogen hatte. Das Portr\u00e4t zeichnet die wichtigsten Stationen ihrer Karriere nach, die Anf\u00e4nge auf der Fitz-Kinderb\u00fchne ihrer Mutter, die Ausbildung an der Otto-Falckenberg-Schule, Ve", "start_date": "2026-09-01T19:05:00+00:00", "title": "Veronika Fitz \u2013 Volksschauspielerin"}, {"desc": "Aus der BR24-Redaktion kommt t\u00e4glich eine 15-min\u00fctige BR24-Sendung um 16.00 Uhr und die halbst\u00fcndige Hauptausgabe mit Sportblock um 18.30 Uhr sowie eine Ausgabe um 21.45 Uhr. An Sonntagen und Feiertagen ist auch die Hauptausgabe 15 Minuten lang, die Sp\u00e4tausgabe beginnt am Sonntag in der Regel erst um 23.00 Uhr. Montags bis freitags wird ferner zwischen 8.00 bis 15.00 Uhr f\u00fcnf Ausgaben der BR24-100", "start_date": "2026-09-01T19:45:00+00:00", "title": "BR24"}, {"desc": "Wendelin Winter (Wepper) ist reif f\u00fcr die Rente, aber dieser Fall l\u00e4sst ihn nicht verschnaufen: Der Vater des kleinen Tommy wurde erstochen, der Junge ist in eine Schockstarre verfallen. Winter nimmt Tommy bei sich auf, um die Blockade zu l\u00f6sen. Doch das wird nicht einfach angesichts verkorkster Familienverh\u00e4ltnisse\u2026 \\n\\nDas Finale der Wepper-Reihe ist ansehnlich gefilmt und sehr wendungsreich. Vi", "start_date": "2026-09-01T20:00:00+00:00", "title": "Winters letzter Fall"}, {"desc": "Es sch\u00fcttet wie aus Eimern. Eine Schlammlawine gibt die Leiche der Sch\u00fctzenk\u00f6nigin aus St. Andreasberg frei. F\u00fcr Dorfpolizist Frank Koops (Stadelmann) ist dies der erste Mordfall, denn Vanessa starb an einer Schussverletzung. Was Koops nicht wei\u00df: Die junge Frau hatte kurz zuvor im Wald zwei Bankr\u00e4ubern (Anna Schudt, Christoph Bach) die Beute geklaut. Die 1,4 Mio. Euro haben nun ihre verschuldeten", "start_date": "2026-09-01T21:30:00+00:00", "title": "Harter Brocken"}, {"desc": "Christian Springer Michael Altinger und Christian Springer pr\u00e4sentieren das Beste aus einem Jahr \"schlachthof\". Dabei zeigen sie die witzigsten Pointen und Solo-Auftritte sowie die schr\u00e4gsten Diskussionen und Momente. Unter anderen mit dabei: die Kabarett-Stars Willy Astor, Teresa Reichl und Abdelkarim. (Senderinfo).", "start_date": "2026-09-01T23:00:00+00:00", "title": "schlachthof \u2013 das beste"}, {"desc": "R\u00fcckblick auf legend\u00e4re Musik-Acts aus 250 Folgen \"Ringlstetter\". \"Ringlstetter\" geh\u00f6rte zu den beliebtesten Sendungen im BR Fernsehen. Besonders ber\u00fchrend waren immer auch die unz\u00e4hligen musikalischen Nummern am Schreibtisch von Hannes Ringlstetter oder in gro\u00dfer Besetzung zusammen mit Hannes Ringlstetter und der Ringlstetter-Band. In dieser Folge von \"Ringlstetter. Die besten Musikmomente Vol.3\"", "start_date": "2026-09-01T23:45:00+00:00", "title": "Ringlstetter. Die besten Musikmomente Vol. 3"}], "offset": "+00:00", "timezone": "UTC", "error_code": -1, "start_date": "2026-08-31", "icon": ""}