{"end_date": "2026-04-29", "name": "ZDFinfo", "info_url": "https://epg.pw/channels/76718/20260427.html", "country": "Germany", "description": null, "error_message": "", "provider": "", "source_url": "https://epg.pw/api/epg.json?channel_id=76718&date=20260427&timezone=None", "epg_list": [{"desc": "Seit der Mensch denkt, so scheint es, glaubt er auch. Werden auch anderswo im Weltall G\u00f6tter verehrt? Oscarpreistr\u00e4ger Morgan Freeman sucht bei ganz irdischen Ph\u00e4nomenen nach Antworten. Glauben Aliens an Gott? Beispiele auf der Erde k\u00f6nnen bei der Beantwortung helfen: Tiere, die ihre Toten betrauern. Oder Roboter mit spirituellen Neigungen. Oder eine mathematische Gleichung, die der g\u00f6ttlichen Ide", "start_date": "2026-04-27T18:15:00+00:00", "title": "Mysterien des Weltalls"}, {"desc": "Das Weltall ist unbegreiflich gro\u00df. Schwer zu glauben, dass sich das Leben auf die Erde beschr\u00e4nkt. Oscarpreistr\u00e4ger Morgan Freeman fragt: Sind wir die einzigen intelligenten Lebewesen? In diesem Mann leben Eindringlinge: Der Molekularbiologe Cedric Feschotte ist Spezialist f\u00fcr Genetik. Dass Viren und Bakterien seinen K\u00f6rper bewohnen, ist f\u00fcr ihn eine triviale Erkenntnis. Aber es gibt da durchaus ", "start_date": "2026-04-27T19:00:00+00:00", "title": "Mysterien des Weltalls"}, {"desc": "Unser Leben ist unmittelbar gepr\u00e4gt von dieser Kraft. Und doch bekommt die Physik sie einfach nicht in den Griff. Was ist eigentlich Schwerkraft? Oscarpreistr\u00e4ger Morgan Freeman fragt nach. Kann eine so handfeste Kraft wie die Schwerkraft eine T\u00e4uschung sein? Nach der Theorie des Physikers Erik Verlinde steckt hinter der Wirkung der Schwerkraft in Wahrheit der thermodynamische Prozess, der auch in", "start_date": "2026-04-27T19:45:00+00:00", "title": "Mysterien des Weltalls"}, {"desc": "Wissenschaftler sind sich sicher, dass im Universum viel mehr Materie existiert, als wir sehen. Oscarpreistr\u00e4ger Morgan Freeman fragt: Bedroht das verborgene Schattenuniversum unsere Welt? Die Beschaffenheit dieser unbekannten Materie zu erforschen, ist eine der spannendsten Fragen der Kosmologie. Es ist, als wolle man einen Fisch mit blo\u00dfen H\u00e4nden fangen. Nur die Anziehungskraft der Dunklen Mater", "start_date": "2026-04-27T20:25:00+00:00", "title": "Mysterien des Weltalls"}, {"desc": "Chris Packham untersucht den Fall eines beliebten Delfinweibchens, das auf einmal Menschen angreift, und er deckt auf, was es mit den \"betrunkenen\" Papageien in Australien auf sich hat. Die Doku erforscht Ufos in einem Tal in Norwegen, geht dem Phantom eines \"Feuerfalls\" im Yosemite-Nationalpark auf den Grund und pr\u00e4sentiert eine Raupe mit einer raffinierten Abschreckungstaktik. Zudem zeigt sie ei", "start_date": "2026-04-27T21:10:00+00:00", "title": "Wunder der Wissenschaft"}, {"desc": "Chris Packham kl\u00e4rt den pl\u00f6tzlichen Tod von Hunderten von Rentieren in Norwegen auf, entdeckt einen kochenden Fluss in Peru und findet heraus, warum in Spanien blutroter Regen vom Himmel fiel. Die Doku zeigt einen Vogel, der mit seinen Fl\u00fcgeln singt, und eine H\u00fcndin, die den Brustkrebs ihres Frauchens entdeckt und ihr dadurch das Leben gerettet hat. Und sie erz\u00e4hlt die zu Herzen gehende Liebesgesc", "start_date": "2026-04-27T21:55:00+00:00", "title": "Wunder der Wissenschaft"}, {"desc": "Seit 1978 fasst das Nachrichtenmagazin des Zweiten Deutschen Fernsehens die wichtigsten  Geschehnisse des Tages zusammen. Die Themen werden durch gut recherchierte Hintergrundberichte sowie Interviews mit Entscheidungstr\u00e4gern detaillierter beleuchtet als in den heute-Nachrichten.", "start_date": "2026-04-27T22:40:00+00:00", "title": "heute journal"}, {"desc": "Sie ersch\u00fcttern die Gesellschaft, entz\u00fcnden Debatten und k\u00f6nnen Motoren des Wandels sein: Skandale. Sie decken h\u00e4ufig L\u00fcgen auf, doch der Wahrheit sind sie nicht immer verpflichtet. Von der Antike bis in die Moderne \u2013 Skandale faszinieren uns und erhitzen die Gem\u00fcter. Mediale Enth\u00fcllungen offenbaren, wenn die Reichen und M\u00e4chtigen das Vertrauen der \u00d6ffentlichkeit missbrauchen, decken Geheimnisse u", "start_date": "2026-04-27T23:10:00+00:00", "title": "L\u00fcge und Wahrheit \u2013 Die Macht der Information"}, {"desc": "Seit Jahrtausenden ist sie ein Ankerpunkt menschlichen Zusammenlebens, sie spendet Hoffnung und Orientierung: Religion. Doch immer wieder wird der Glaube auch zur politischen Waffe. Unter dem Deckmantel der Religion werden Kriege und Konflikte ausgetragen, in j\u00fcngster Zeit dient sie zur Rechtfertigung von Terror. Dabei sind L\u00fcge und Wahrheit oft schwer zu unterscheiden. Der Glaube wird zum politis", "start_date": "2026-04-27T23:55:00+00:00", "title": "L\u00fcge und Wahrheit \u2013 Die Macht der Information"}, {"desc": "Ob das Kennedy-Attentat, 9/11 oder das Coronavirus \u2013 Verschw\u00f6rungstheorien haben Konjunktur, auch dank des Internets. Doch sie sind kein Ph\u00e4nomen der Moderne. Seit Jahrhunderten lassen sich Menschen von Verschw\u00f6rungstheorien verf\u00fchren. Dabei versucht jede, L\u00fcgen aufzudecken und die Wahrheit ans Licht zu bringen. Werden sie jedoch missbraucht, k\u00f6nnen sie zu Ausgrenzung und Gewalt f\u00fchren. Lange Zeit", "start_date": "2026-04-28T00:40:00+00:00", "title": "L\u00fcge und Wahrheit \u2013 Die Macht der Information"}, {"desc": "Seit Anbeginn der Zeit geh\u00f6rt die L\u00fcge zum Krieg. Als Propaganda wird sie zur m\u00e4chtigen Waffe. Mit dem Wandel der Medien ver\u00e4ndert sich auch der Krieg selbst. Die Propaganda verschleiert die wahren Gr\u00fcnde und Ziele eines Krieges \u2013 und manchmal sogar seinen Ausgang. Um die eigene Wahrheit zu verbreiten, bedient sie sich immer der technischen M\u00f6glichkeiten der Zeit: von Gem\u00e4lden \u00fcber Fotos zu Fernse", "start_date": "2026-04-28T01:25:00+00:00", "title": "L\u00fcge und Wahrheit \u2013 Die Macht der Information"}, {"desc": "Einflussreiche Pers\u00f6nlichkeiten pr\u00e4gen unsere Geschichte. Dabei nutzen Meinungsmacher die Medien ihrer Zeit geschickt, um ihre Ansicht zu verbreiten und Macht auszu\u00fcben. Meinungsmacher schrecken auch vor zweifelhaften Methoden nicht zur\u00fcck. Sie nutzen L\u00fcgen und verdrehen Wahrheiten, solange sie in ihrem Interesse liegen. Vermeintlich h\u00f6here Ziele dienen als Vorwand, um den eigenen Hunger nach Mach", "start_date": "2026-04-28T02:10:00+00:00", "title": "L\u00fcge und Wahrheit \u2013 Die Macht der Information"}, {"desc": "Geld und Macht gehen Hand in Hand. Schon immer haben die M\u00e4chtigen ihren Reichtum zu ihrem Vorteil genutzt. Dabei nehmen sie es mit der Wahrheit nicht immer so genau. Ob Kunst und Kultur, Wissenschaft oder Politik \u2013 \u00fcberall wirkt die Macht des Geldes und derjenigen, die es besitzen. Wahrheiten werden zurechtgebogen, L\u00fcgen verbreitet. Mit Geld scheint alles m\u00f6glich. Von der Antike bis zur Gegenwart", "start_date": "2026-04-28T02:55:00+00:00", "title": "L\u00fcge und Wahrheit \u2013 Die Macht der Information"}, {"desc": "Skurrile L\u00fcge und Riesenblamage: Zwei M\u00e4nner wollen Frankreich 1976 vor der ersten \u00d6lkrise retten. Sogenannte Schn\u00fcffelflugzeuge k\u00f6nnen angeblich \u00d6l- und Gasvorkommen aus der Luft orten. Die Flugzeugeigner Alain de Villegas und Aldo Bonassoli \u00fcberzeugen die franz\u00f6sische Regierung. Ihre Flugzeuge sollen Frankreich eine internationale Vorreiterrolle verschaffen und den Staatskonzern Elf zu einem der", "start_date": "2026-04-28T03:30:00+00:00", "title": "Die gro\u00dfen L\u00fcgen der Geschichte"}, {"desc": "Pl\u00f6tzlicher Stillstand: Ampeln erl\u00f6schen, Z\u00fcge bleiben auf offener Strecke stehen und die digitale Kommunikation bricht in Sekunden zusammen. Was vor kurzem noch Teile Berlins und weite Gebiete der Iberischen Halbinsel lahmlegte, ist f\u00fcr Harald Lesch der Ausgangspunkt einer tiefgreifenden Analyse. Warum haben sich massive Blackouts in den letzten 25 Jahren fast versechsfacht? Die Dokumentation bel", "start_date": "2026-04-28T04:15:00+00:00", "title": "Terra X Harald Lesch"}, {"desc": "Drei \u00dcberbleibsel des gr\u00f6\u00dften Weltreichs, das die Erde je gesehen hat. Durch sie entdecken die Zuschauer die bis heute komplizierte Geschichte des britischen Empire. Die Autoren besuchen Haslar, einst der Stolz der Royal Navy und das einst beste Hospital der Welt, die Insel Montserrat, auch genannt das Pompeji der Karibik, und die Insel Merasheen in Neufundland, welches die erste britische Kolonie", "start_date": "2026-04-28T05:00:00+00:00", "title": "Lost Places \u2013 Geheime Welten"}, {"desc": "Drei verlassene Schicksalsorte, die vom Aufstieg und Fall Jugoslawiens zeugen: Durch sie erleben die Zuschauer die Folgen des Bruderkrieges, der den Vielv\u00f6lkerstaat am Balkan dahinraffte. Der Film besucht den Milit\u00e4rflugplatz Zeljava, tief in einen Berg gesprengt, die Ferienanlage Kupari, die durch die jugoslawische Armee sowohl gebaut als auch zerst\u00f6rt wurde, und die Stadt Mostar, die wie keine z", "start_date": "2026-04-28T05:45:00+00:00", "title": "Lost Places \u2013 Geheime Welten"}, {"desc": "Drei verlassene Orte erz\u00e4hlen vom Erbe der Apartheid in S\u00fcdafrika: ein zerst\u00f6rtes Viertel in Kapstadt, eine ausgebeutete Minenstadt und ein Stadion, das einst Hoffnung versprach. S\u00fcdafrika leidet Jahrzehnte unter der Apartheid. Familien werden brutal aus ihren H\u00e4usern vertrieben, Minenarbeiter gnadenlos ausgebeutet. Im Odi Stadium wird Sport zum politischen Werkzeug. Pieter Willem Botha regiert S\u00fc", "start_date": "2026-04-28T06:30:00+00:00", "title": "Lost Places \u2013 Geheime Welten"}, {"desc": "Eine Giftgas-Insel, eine t\u00f6dliche Mine und ein verwunschenes Hotel. Drei vergessene Orte in Japan \u2013 Symbole eines imperialen Gr\u00f6\u00dfenwahns und eines rassistischen Menschenbildes. Zwischen 1933 und 1940 steigt Hideki T\u014dj\u014d zum m\u00e4chtigsten Politiker des Kaiserreichs auf. Seine Vision: ein japanisches Imperium in Asien. Die drei verlassenen Orte erz\u00e4hlen noch heute von der H\u00e4rte und Grausamkeit, mit der", "start_date": "2026-04-28T07:15:00+00:00", "title": "Lost Places \u2013 Geheime Welten"}, {"desc": "In dieser Kurzversion der ZDF-Nachrichtensendung werden die Zuschauer \u00fcber die wichtigsten Ereignisse des Tages aus den Bereichen Politik, Gesellschaft, Wirtschaft und Kultur informiert. (Senderinfo).", "start_date": "2026-04-28T07:58:00+00:00", "title": "heute Xpress"}, {"desc": "Drei Relikte einer untergegangenen Weltmacht, drei Monumente einer Zeit, in der die halbe Welt unter Hammer und Sichel stand. \u00dcberall finden sich bis heute die Spuren des Sowjetreiches. Die Autoren besuchen einen geheimen Bunker f\u00fcr Atomsprengk\u00f6pfe im ostdeutschen Nirgendwo, das Kraftwerk Tschernobyl, das saubere Energie versprach, und Beelitz-Heilst\u00e4tten, ein Hospital der deutschen Kaiserzeit, da", "start_date": "2026-04-28T08:00:00+00:00", "title": "Lost Places \u2013 Geheime Welten"}, {"desc": "Drei verlassene Orte in Spanien erz\u00e4hlen von Francos Diktatur: ein Gef\u00e4ngnis des Grauens, ein ger\u00e4umtes Dorf und eine vergiftete K\u00fcste. Schicksale von Unterdr\u00fcckung, Widerstand und Zerst\u00f6rung. Francisco Franco regiert Spanien fast 40 Jahre mit eiserner Hand, Oppositionelle werden brutal verfolgt: In Ourense werden politische Gefangene gefoltert, Granadilla wird f\u00fcr ein Staudammprojekt ger\u00e4umt, und", "start_date": "2026-04-28T08:45:00+00:00", "title": "Lost Places \u2013 Geheime Welten"}, {"desc": "Drei verlassene Orte erz\u00e4hlen vom Terror der Pinochet-Diktatur in Chile: ein Gefangenenlager in der W\u00fcste, eine zwangsger\u00e4umte Textilfabrik und ein Krankenhaus voller dunkler Geheimnisse. General Pinochet rei\u00dft 1973 die Macht an sich, verfolgt Gegner brutal. In der W\u00fcste entsteht ein Gefangenenlager, in einer Fabrik werden Arbeiter entrechtet, in einem Krankenhaus Neugeborene gestohlen. Noch heute", "start_date": "2026-04-28T09:30:00+00:00", "title": "Lost Places \u2013 Geheime Welten"}, {"desc": "Die \"planet e.\"-Dokumentation erz\u00e4hlt eine abenteuerliche Reise zu einem der gr\u00f6\u00dften Atomm\u00fcllendlager der Welt, mitten im Pazifik. Tausende Kilometer sind Autor Johannes Hano und sein Team in einer kleinen einmotorigen Propellermaschine \u00fcber die endlosen Weiten des Pazifiks geflogen, um zu einem der bizarrsten Bauwerke der Gegenwart zu gelangen \u2013 dem Runit Dome auf dem Enewetak-Atoll. In den 40er-", "start_date": "2026-04-28T10:15:00+00:00", "title": "Kalter Krieg und Klimawandel \u2013 Atomm\u00fcll in der S\u00fcdsee"}, {"desc": "Der spektakul\u00e4re Sturz des Politb\u00fcromitglieds Konrad Naumann (1985, gespielt von Uwe Lach), der sensationelle Diebstahl von 24 fabrikneuen Trabis durch einen Arbeiter (1988), die waghalsige Flucht mit einer Planierraupe \u00fcber die deutsch-deutsche Grenze (1982) \u2014 anhand dieser drei Ereignisse reflektiert die dreiteilige Doku den gesellschaftlichen, wirtschaftlichen und politischen Alltag in der DDR.", "start_date": "2026-04-28T10:45:00+00:00", "title": "Ein Tag in der DDR: Der Politb\u00fcro-Skandal"}, {"desc": "Wer ein Auto wollte, musste viele Jahre warten. Diese DDR-Mangelwirtschaft und sein Hang zum Luxus brachten Werksarbeiter Thomas B. ab 1980 auf die Idee, fabrikneue Trabis spektakul\u00e4r zu entwenden. Um seinen Eltern zu zeigen, dass er klug wirtschaften kann, versuchte er, ohne gro\u00dfe M\u00fche an Geld kommen. Sein Risiko, erwischt zu werden, sch\u00e4tzte er als sehr gering ein. \\n\\nThomas B. schaffte es, den", "start_date": "2026-04-28T11:30:00+00:00", "title": "Ein Tag in der DDR: Der Trabi-Krimi"}, {"desc": "Hans Joachim Zorn (Florian Donath) teilt mit Bruder und Freund die Leidenschaft f\u00fcr Autos sowie den Frust \u00fcber die sozialistische Mangelwirtschaft. Trotz ihres lukrativen Hobbys, das ihnen durch Tauschgesch\u00e4fte den Zugang zu Luxusartikeln gew\u00e4hrte, wuchs die Unzufriedenheit \u00fcber die Restriktionen. So fassten die M\u00e4nner sieben Jahre vor dem Mauerfall in einer Bierlaune heraus den Entschluss zu flie", "start_date": "2026-04-28T12:15:00+00:00", "title": "Ein Tag in der DDR: Die Flucht mit der Raupe"}, {"desc": "Wer in der DDR nicht zw\u00f6lf Jahre auf ein Auto warten wollte oder sich keinen Gebrauchtwagen leisten konnte, war auf \u00f6ffentliche Verkehrsmittel angewiesen. Im Nahverkehr der DDR gab es f\u00fcr den Durchschnittsb\u00fcrger die Auswahl vom Schwarztaxi bis zu Tatra-Bahnen. Das waren keine abgedunkelten Limousinen oder Bergbahnen. Wer ein Auto besa\u00df, konnte sich einiges mit privaten Taxifahrten dazuverdienen. I", "start_date": "2026-04-28T13:00:00+00:00", "title": "DDR mobil \u2013 Zwischen Tatra-Bahn und Ikarus"}, {"desc": "Der Film zeigt 40 Jahre Staatsbahn im Osten. Geschichten \u00fcber die Deutsche Reichsbahn werden erz\u00e4hlt von Zeitzeugen, Betroffenen und ehemaligen Bahnern. Wie der Trabant, T\u00fctenmilch und Warteschlangen geh\u00f6rt die Reichsbahn zum Alltag im Osten. Die DDR setzt von Anfang an konsequent auf die Schiene, erst mit Dampf-, dann mit Dieselloks \u2013 und das Reisen mit der Bahn wird immer bequemer. Gegr\u00fcndet 192", "start_date": "2026-04-28T13:45:00+00:00", "title": "DDR mobil \u2013 Zwischen Reichsbahn und Rasendem Roland"}, {"desc": "Trotz Mangel an Ressourcen und Reisefreiheit betrieb die DDR zwei Luftfahrtgesellschaften: die DDR-Lufthansa und die international operierende Charterlinie Interflug. Der Aufbau einer D\u00fcsenjetindustrie scheiterte.", "start_date": "2026-04-28T14:30:00+00:00", "title": "DDR mobil \u2013 Hoch hinaus mit Interflug"}, {"desc": "Not macht erfinderisch, sagt das Sprichwort. In der DDR traf das auch auf die Sparte der Nutzfahrzeuge zu. In Zeiten des Mangels musste man erfinderisch sein, denn der Bedarf war enorm. Laster und Traktoren brauchte das Land. Nach dem Zweiten Weltkrieg bauten die Russen viele Produktionsbetriebe ab. Vor allem die Regionen Sachsen und Th\u00fcringen hatten eine gro\u00dfe Tradition im Fahrzeugbau. Die wenige", "start_date": "2026-04-28T15:15:00+00:00", "title": "DDR mobil \u2013 Trecker, Laster und Multicar"}, {"desc": "\"Vorw\u00e4rts immer, r\u00fcckw\u00e4rts nimmer!\" \u2013 dieser markante Ausspruch von Erich Honecker war richtungsweisend, auch f\u00fcr die Fahrzeugflotte in der DDR. Die Doku zeigt deren gesamte Bandbreite. Kuriosit\u00e4ten, Originale und aus der Not geborene Erfindungen. Es waren l\u00e4ngst nicht nur Trabis und Wartburgs, die auf den Kopfsteinpflasterstra\u00dfen zwischen Ahlbeck und Zittau herum holperten. Die Palette der Fortbe", "start_date": "2026-04-28T16:00:00+00:00", "title": "DDR mobil \u2013 Trabi, Wartburg und Ostrennwagen"}, {"desc": "Die Normannen kamen aus dem Norden, waren als Krieger gef\u00fcrchtet und schufen schlie\u00dflich auf Sizilien das fortschrittlichste K\u00f6nigreich jener Zeit. Was zog die Nordm\u00e4nner in die Glut des S\u00fcdens, damals arabisch besetzt? \\n\\nIhr Erfolgsrezept: Sie unterwarfen sich nicht, sie kooperierten. Zusammen mit Italienern, Griechen, Arabern, Lombarden und Juden schaffen sie eine kosmopolitische Kultur. Ab 10", "start_date": "2026-04-28T16:45:00+00:00", "title": "Die Normannen auf Sizilien \u2013 Das Goldene K\u00f6nigreich"}, {"desc": "Spektakul\u00e4re Einblicke in neueste bioarch\u00e4ologische Untersuchungen! Die imposante, dreiteilige Dokureihe f\u00fchrt zur Wikinger-Reise nach Amerika, zur Eroberung des englischen K\u00f6nigreichs im Jahr 1066 bis hin zur Belagerung Konstantinopels.", "start_date": "2026-04-28T18:15:00+00:00", "title": "Vikings \u2013 Die wahre Geschichte"}, {"desc": "Mit der Einnahme der florierenden Stadt York \u00e4ndern die Wikinger im Jahr 866 ihre Strategie: Sie kommen nicht mehr nur zu Raubz\u00fcgen auf die britische Insel. Die Nordm\u00e4nner wollen England komplett erobern. Bisher waren es meist kleine Gruppen, die aus Skandinavien aufbrachen, um englische Kl\u00f6ster und Siedlungen zu \u00fcberfallen. Doch inzwischen haben die Wikinger ganze Heere mit Tausenden von Kriegern", "start_date": "2026-04-28T19:00:00+00:00", "title": "Vikings \u2013 Die wahre Geschichte"}, {"desc": "Wikingerheere terrorisieren Ende des 8. Jahrhunderts weite Teile Englands. Ein anderer Zweig der Nordm\u00e4nner bricht auf, um Konstantinopel und Bagdad zu erobern. Sie ziehen \u00fcber die Fl\u00fcsse Dnepr, D\u00fcna, Wolga und Don bis zum Schwarzen und Kaspischen Meer. Aber man nennt sie dort nicht Wikinger, sondern \"War\u00e4ger\" oder \"Rus.", "start_date": "2026-04-28T19:45:00+00:00", "title": "Vikings \u2013 Die wahre Geschichte"}, {"desc": "Im Jahr 845 belagern die Wikinger zum ersten Mal Paris. Nach ihren Raubz\u00fcgen auf den Britischen Inseln und ihren Vorst\u00f6\u00dfen ins sp\u00e4tere Russland nehmen sie nun das Frankenreich ins Visier. Immer wieder dringen sie ins Frankenreich ein. Die Wikinger \u00fcberfallen Hamburg, verw\u00fcsten Friesland und Flandern, greifen St\u00e4dte wie Rouen, Nantes und Tours an. Schlie\u00dflich steuern Hunderte von Wikingerschiffen a", "start_date": "2026-04-28T20:30:00+00:00", "title": "Vikings \u2013 Die wahre Geschichte"}, {"desc": "Die Wikinger sind die ersten Europ\u00e4er, die den Norden Amerikas betreten, noch vor Christoph Kolumbus. Sie erhoffen sich ein besseres Leben als in ihrer Heimat Skandinavien. Mit der Macht\u00fcbernahme des ersten K\u00f6nigs Harald I. 870 nach Christus sehen die norwegischen Stammesf\u00fcrsten ihren Einfluss schwinden. Viele Wikingergruppen verlassen das Land, reisen \u00fcbers Meer und gr\u00fcnden neue Siedlungen. In Is", "start_date": "2026-04-28T21:15:00+00:00", "title": "Vikings \u2013 Die wahre Geschichte"}, {"desc": "Fast 300 Jahre lang pr\u00e4gen die Wikinger Europa. Bis heute finden sich ihre Spuren in England, Frankreich, im Ostseeraum \u2013 und sogar in Amerika. Doch dann verschwinden die gef\u00fcrchteten Krieger. Im 11. Jahrhundert beginnt der Niedergang der ber\u00fcchtigten skandinavischen St\u00e4mme. Als Ende ihrer \u00c4ra gilt die Schlacht von Hastings im Jahr 1066 \u2013 mit dem Sieg des normannischen K\u00f6nigs Wilhelm der Eroberer.", "start_date": "2026-04-28T22:00:00+00:00", "title": "Vikings \u2013 Die wahre Geschichte"}, {"desc": "Seit 1978 fasst das Nachrichtenmagazin des Zweiten Deutschen Fernsehens die wichtigsten  Geschehnisse des Tages zusammen. Die Themen werden durch gut recherchierte Hintergrundberichte sowie Interviews mit Entscheidungstr\u00e4gern detaillierter beleuchtet als in den heute-Nachrichten.", "start_date": "2026-04-28T22:45:00+00:00", "title": "heute journal"}, {"desc": "K\u00f6nig Salomon \u2013 legend\u00e4rer Herrscher im Goldenen Zeitalter Israels. Weiser K\u00f6nig, Bauherr eines pr\u00e4chtigen Tempels, sagenhaft reich. Wie sieht die Welt aus, in der Salomon einst herrscht? Salomons Reich ist eng mit seinen Nachbarn verbunden, sowohl im Handel als auch in der Rivalit\u00e4t. Auch dort finden sich Spuren aus der Zeit des K\u00f6nigs. Es ist eine Welt zwischen G\u00f6tterverehrung und Machtpolitik, ", "start_date": "2026-04-28T23:15:00+00:00", "title": "Mythen der Bibel"}, {"desc": "Ninive wird in der Bibel als die Stadt der S\u00fcnde dargestellt. Ihre Bewohner als grausam, verdorben und gottlos. Warum ein so finsteres Bild? Und wie war Ninive wirklich? Unter dem irakischen Mossul liegen die \u00dcberreste der Metropole: m\u00e4chtige Mauern, prachtvolle Reliefs, Bauten einer Kultur, die sich selbst als gewaltvoll inszeniert. Kann Ninive wirklich Bu\u00dfe tun, oder trifft die Stadt ein anderes", "start_date": "2026-04-29T00:00:00+00:00", "title": "Mythen der Bibel"}], "offset": "+00:00", "timezone": "UTC", "error_code": -1, "start_date": "2026-04-27", "icon": ""}