{"end_date": "2026-09-05", "name": "ZDFinfo", "info_url": "https://epg.pw/channels/76718/20260827.html", "country": "Germany", "description": null, "error_message": "", "provider": "", "source_url": "https://epg.pw/api/epg.json?channel_id=76718&date=20260827&timezone=None", "epg_list": [{"desc": "Diese Folge der Dokumentationsreihe \"Die Geschichte der Fantasy\" zeigt und analysiert die Welten des Fantasy-Genres. Die Handlungen der Filme und Serien entf\u00fchren in zauberhafte Reiche. Der Film trifft r\u00e4tselhafte Wesen und l\u00e4sst sich von magischen Gegenst\u00e4nden verzaubern. Viele der Gesch\u00f6pfe gehen zur\u00fcck auf uralte Legenden und Mythen. Um attraktiv zu bleiben, m\u00fcssen sie sich den aktuellen gesell", "start_date": "2026-09-04T00:00:00+00:00", "title": "Die Geschichte der Fantasy"}, {"desc": "Eine warnende Grabinschrift, eine verh\u00e4ngnisvolle Zahl, die Ungl\u00fcck bringen soll, und eine Heilerin mit magischen Kr\u00e4ften \u2013 Legenden, die davor warnen, das Schicksal nicht herauszufordern. Auf Befehl Stalins wird ein Grabmal ge\u00f6ffnet. Kurz darauf folgt einer der gr\u00f6\u00dften Angriffskriege der Geschichte. Die Zahl Neun scheint einer Reihe von Komponisten zum Verh\u00e4ngnis zu werden. Und eine Voodoo-Priest", "start_date": "2026-09-04T00:45:00+00:00", "title": "Verflucht \u2013 Gro\u00dfe Legenden der Geschichte"}, {"desc": "Bringt ein legend\u00e4rer Diamant Ungl\u00fcck? Ist das Grab William Shakespeares mit einem Fluch belegt? Und bringen Kiesel einer Tropeninsel den Menschen gro\u00dfes Unheil? Der Hope-Diamant besticht durch sein tiefes Blau. Doch liegt darin etwas B\u00f6ses verborgen? William Shakespeare ist in Stratford-upon-Avon begraben. Wurde sein Grab gepl\u00fcndert? Und warum schicken immer wieder Touristen ihre Souvenirs zur\u00fcck", "start_date": "2026-09-04T01:30:00+00:00", "title": "Verflucht \u2013 Gro\u00dfe Legenden der Geschichte"}, {"desc": "Ein indisches Juwel, gestohlen aus einem Tempel, eine teuflische Gestalt in New Jersey und der Fluch eines Abtes lehren sp\u00e4tere Generationen das F\u00fcrchten. 1972 findet sich in einem Museumsarchiv ein gro\u00dfer Amethyst samt Warnung vor dessen Fluch. In New Jersey versetzt eine unheimliche Kreatur die Menschen in Angst und Schrecken. Und ein verfluchter Prachtbau st\u00fcrzt eine Adelsfamilie ins Ungl\u00fcck. V", "start_date": "2026-09-04T02:15:00+00:00", "title": "Verflucht \u2013 Gro\u00dfe Legenden der Geschichte"}, {"desc": "Gibt es den Fluch des Pharao wirklich? Schlie\u00dft ein Musiker einen Pakt mit dem Teufel? Kann man seine Widersacher mithilfe der G\u00f6tter bestrafen? Faszinierende Legenden befl\u00fcgeln die Fantasie. Nach der \u00d6ffnung eines \u00e4gyptischen Grabmals kommt es unter den Beteiligten zu mysteri\u00f6sen Todesf\u00e4llen. Niemand kann sich erkl\u00e4ren, wie ein talentloser Gitarrist zur Blues-Legende wird. Und im R\u00f6mischen Reich ", "start_date": "2026-09-04T02:45:00+00:00", "title": "Verflucht \u2013 Gro\u00dfe Legenden der Geschichte"}, {"desc": "Eine Mumie bringt Menschen t\u00f6dliches Ungl\u00fcck. \u00dcber einem afghanischen Tal liegt ein dunkler Schatten. Und eine Schriftrolle aus dem 18. Jahrhundert l\u00e4sst viele noch heute erschaudern. 1991 wird die Mumie \u00d6tzi, der Mann aus dem Eis, entdeckt \u2013 und schon bald mit mysteri\u00f6sen Todesf\u00e4llen in Verbindung gebracht. In der Ruinenstadt Schahr-e Gholghola sollen die Todesschreie einer Schlacht widerhallen. ", "start_date": "2026-09-04T03:30:00+00:00", "title": "Verflucht \u2013 Gro\u00dfe Legenden der Geschichte"}, {"desc": "Einem ber\u00fchmten US-Showdirektor, einem vermeintlichen Eldorado in Kanada und einer Festung in den Pyren\u00e4en ist das Gl\u00fcck nicht hold. Der Showdirektor P. T. Barnum kommt auf fragw\u00fcrdige Weise zu Millionen, dann geht sein Besitz in Flammen auf. Eine Reihe von Goldsuchern findet in einem legend\u00e4ren Tal in Kanada ein grausiges Ende. Und gl\u00e4ubige Menschen opfern sich, um ihre Seelen zu retten. Viele Sc", "start_date": "2026-09-04T04:15:00+00:00", "title": "Verflucht \u2013 Gro\u00dfe Legenden der Geschichte"}, {"desc": "Die legend\u00e4re Pharaonin Kleopatra ist eine der faszinierendsten und einflussreichsten Frauen der Geschichte. Aber wer war die wahre Kleopatra, die Frau hinter dem Mythos? Ihre Sch\u00f6nheit und ihr Ehrgeiz sind legend\u00e4r. Angeblich setzt sie ihre Reize gekonnt ein, um sich an der Macht zu halten. Doch die Suche nach der Wahrheit um ihr Leben offenbart eine der vielleicht gr\u00f6\u00dften L\u00fcgen der Geschichte. M", "start_date": "2026-09-04T05:00:00+00:00", "title": "Mythos \u2013 Die gr\u00f6\u00dften R\u00e4tsel der Geschichte"}, {"desc": "Das \"forum\" bietet Muslimen in Deutschland die M\u00f6glichkeit, ihre Erfahrungen in das gesellschaftliche Gespr\u00e4ch einzubringen. Muslime erkl\u00e4ren ihre Religion, erz\u00e4hlen von ihrem Alltag. (Senderinfo).", "start_date": "2026-09-04T05:45:00+00:00", "title": "forum am freitag"}, {"desc": "Das \"auslandsjournal\" \u2013 Reportagen, Hintergr\u00fcnde, au\u00dfergew\u00f6hnliche Menschen und bunte Geschichten. Die ZDF-Korrespondenten erkl\u00e4ren die Welt. Pointierte Analyse, pers\u00f6nliche Erz\u00e4hlweise, anspruchsvolle Geschichten und die Vielfalt der Beitragsformen pr\u00e4gen das \"auslandsjournal\". In der Rubrik \"au\u00dfendienst\" testen Reporter, was das Leben in fremden L\u00e4ndern mit sich bringen kann. (Senderinfo).", "start_date": "2026-09-04T06:00:00+00:00", "title": "auslandsjournal"}, {"desc": "Die Angst vor Krieg und Krisen ist zur\u00fcck. Seit dem Angriff Russlands auf die Ukraine sind Lebensmittelknappheit oder Stromausfall durch Cyberattacken zu realen Bedrohungsszenarien geworden. Hamsterk\u00e4ufe, kein Mehl, kein Sonnenblumen- oder Raps\u00f6l mehr in deutschen Supermarktregalen. Anbieter von Privatbunkern k\u00f6nnen sich vor Anfragen kaum retten. Ist Deutschland f\u00fcr einen, wie auch immer gearteten", "start_date": "2026-09-04T06:30:00+00:00", "title": "Bunker, Sirenen, Vorr\u00e4te"}, {"desc": "Es war ein brisantes Geheimnis: Honecker & Co.haben sich f\u00fcr den Ernstfall umfangreiche unterirdische Bunker bauen lassen. Der Film zeigt Anlagen, die erhalten geblieben sind. In der Schweiz wurden vor 1945 als Antwort auf die Bedrohung durch Nazideutschland mehr als 26.000 milit\u00e4rische Anlagen errichtet, sogenannte falsche Chalets. (Senderinfo).", "start_date": "2026-09-04T07:00:00+00:00", "title": "Die geheimen Bunker der DDR und der Schweiz"}, {"desc": "\"heute Xpress\" ist ein kompaktes Nachrichtenformat des ZDF, das mehrmals t\u00e4glich ausgestrahlt wird. In wenigen Minuten bietet die Sendung einen schnellen \u00dcberblick \u00fcber die wichtigsten Ereignisse aus Politik, Wirtschaft, Gesellschaft und Kultur. Die Beitr\u00e4ge sind klar strukturiert und verst\u00e4ndlich aufbereitet, sodass die Zuschauer jederzeit schnell und zuverl\u00e4ssig \u00fcber das aktuelle Weltgeschehen i", "start_date": "2026-09-04T07:43:00+00:00", "title": "heute Xpress"}, {"desc": "Seit der Zarenzeit war die Stadt am Pazifik stets f\u00fcr den Krieg ger\u00fcstet. Die vielen Forts, Bunker und Munitionslager kamen nie zum Einsatz. Heute sind sie Ruinen, die jungen Russen als Abenteuerspielplatz dienen.", "start_date": "2026-09-04T07:45:00+00:00", "title": "Geheimes Russland"}, {"desc": "Im Zweiten Weltkrieg sollte die Industriestadt Samara Fluchtort f\u00fcr die Sowjet-Regierung werden. Es entstanden Bunkeranlagen, die bis heute nicht vollst\u00e4ndig erforscht sind. Auch die Armeef\u00fchrung, das diplomatische Korps und sogar das Bolschoi-Ballett sollten in der Ersatzhauptstadt unterkommen. Davon ist selbst in der Sowjetunion lange nichts bekannt gewesen. Samara wurde beim Angriff der deutsch", "start_date": "2026-09-04T08:30:00+00:00", "title": "Geheimes Russland"}, {"desc": "Relikte des Kalten Krieges \u2013 versteckt in den W\u00e4ldern Ostdeutschlands. Die Dokumentation begleitet Expertinnen und Experten bei ihrer Spurensuche in den Bunkeranlagen der ehemaligen DDR. Darunter ein Sperrgebiet der Sowjetarmee s\u00fcdlich von Berlin, unterirdische Anlagen f\u00fcr den Chef und die Mitarbeiter der Staatssicherheit und ein Atombunker, dessen Standort bis heute geheim ist. In W\u00fcnsdorf in Bra", "start_date": "2026-09-04T09:15:00+00:00", "title": "Geheime Unterwelten der DDR \u2013 Atombunker und Schutzr\u00e4ume"}, {"desc": "Zwischen 1943 und 1945 bauten Tausende Zwangsarbeiter die bombensichere U-Boot-Werft in Bremen-Farge. Dort sollte das neuartige U-Boot vom Typ XXI produziert werden und die erhoffte Wende f\u00fcr die Nazis im Seekrieg bringen.", "start_date": "2026-09-04T10:00:00+00:00", "title": "Hitlers U-Boot-Fabrik \u2013 Bunker Valentin"}, {"desc": "Nach dem Ende des Ersten Weltkrieges hofften viele V\u00f6lker Osteuropas, die durch Russland, Deutschland und \u00d6sterreich-Ungarn beherrscht waren, auf Freiheit und Eigenst\u00e4ndigkeit. Aber die neue Friedensordnung sorgte f\u00fcr Chaos: Polen k\u00e4mpfte gegen Russland, die Ukraine wurde von Russland und Polen besetzt, und im Baltikum tobten K\u00e4mpfe an vielen Fronten. Die Dokumentation zeigt, wie die Ereignisse vo", "start_date": "2026-09-04T10:45:00+00:00", "title": "Der vergiftete Frieden"}, {"desc": "Nach dem Ende des Ersten Weltkrieges stand neben dem Vertrag von Versailles auch ein anderer Ort f\u00fcr die Neuordnung der Welt: S\u00e8vres, ein Pariser Vorort. Dort besiegelten die Siegerm\u00e4chte Frankreich, Gro\u00dfbritannien und die USA das Schicksal eines gro\u00dfen Imperiums: Das Osmanische Reich sollte f\u00fcr immer zerschlagen werden. Die Folgen sind bis heute un\u00fcbersehbar: Der Nahe Osten brennt, wird von Krieg", "start_date": "2026-09-04T11:30:00+00:00", "title": "Der vergiftete Frieden"}, {"desc": "Die Weimarer Republik war zweifellos ein Aufbruch in die Moderne, hatte aber zu viele Gegner, die die Uhr wieder in die Vergangenheit zur\u00fcckstellen wollten. Die Mehrheit der Deutschen war noch nicht reif f\u00fcr eine Demokratie. Viele waren verbohrt in ihren Weltanschauungen. Die autorit\u00e4re Kaiserzeit und der Erste Weltkrieg hatten die M\u00e4nner zu kriegerischen, gewaltsamen L\u00f6sungen erzogen. Sie waren n", "start_date": "2026-09-04T12:15:00+00:00", "title": "Geheimnisse der Weimarer Republik"}, {"desc": "1924 bis 1929 kann die Weimarer Republik noch einmal Luft holen. Die Einf\u00fchrung der Rentenmark vertreibt das Gespenst der Inflation. Die Reparationen werden im Dawes-Plan gemindert. Die Wirtschaft floriert. Die Politik ist bei allen Anfeindungen der Republikgegner relativ stabil. Reichspr\u00e4sident Ebert h\u00e4lt im Berliner Lustgarten eine Rede vor Ehrenformationen der Reichswehr. Er wirbt f\u00fcr Toleranz.", "start_date": "2026-09-04T13:00:00+00:00", "title": "Geheimnisse der Weimarer Republik"}, {"desc": "Die Phase der relativen Stabilit\u00e4t endet 1929 j\u00e4h mit dem Crash an der New Yorker B\u00f6rse, der sich zur Weltwirtschaftskrise ausweitet. Amerikanische Kredite werden zur\u00fcckgerufen. Es kommt zum Bankencrash. Schlangen aufgeregter Menschen sammeln sich vor den Banken und fordern die Auszahlung ihrer Ersparnisse. Die Wirtschaft bricht zusammen, die Arbeitslosigkeit steigt. In den Stra\u00dfen wimmelt es von ", "start_date": "2026-09-04T13:45:00+00:00", "title": "Geheimnisse der Weimarer Republik"}, {"desc": "So schwer sich die Deutschen mit der jungen Demokratie der gerade ausgerufenen Weimarer Republik tun, so ausgelassen st\u00fcrzen sie sich in die neue Freiheit: Alkohol, Drogen, Prostitution. Bald ersch\u00fcttern ein Mord im Adlon und eine falsche Zarentochter Berlin.", "start_date": "2026-09-04T14:30:00+00:00", "title": "S\u00fcndenbabel Berlin"}, {"desc": "Umbruchstimmung in Berlin \u2013 die Goldenen Zwanziger sind vorbei. Blutige Stra\u00dfenk\u00e4mpfe ersch\u00fcttern die Hauptstadt. Gleichzeitig sorgen Arbeitslosigkeit und Armut f\u00fcr mehr Verbrechen. Mit dem Kriminalisten Ernst Gennat an der Spitze gewinnt die Berliner Kripo Weltruhm: Revolutionierte Ermittlungsarbeit soll der Kriminalit\u00e4t ein Ende setzen. Als eine Frau in ihrer Wohnung in Berlin-Tempelhof tot aufg", "start_date": "2026-09-04T15:15:00+00:00", "title": "S\u00fcndenbabel Berlin"}, {"desc": "B\u00f6rsencrash 1929: Die Welt ger\u00e4t ins Wanken. Ein Wendepunkt in Berlin, der das Ende der Weimarer Republik einleitet. Ein Strudel der Gewalt entsteht, und Nationalsozialisten erstarken. Die NSDAP macht sich die Verunsicherung des Volkes zunutze und j\u00fcdische Personen zum S\u00fcndenbock. Im Berliner Polizeipr\u00e4sidium geht indes eine Anfrage ein: Die Mordkommission um den Kriminalisten Ernst Gennat soll si", "start_date": "2026-09-04T16:00:00+00:00", "title": "S\u00fcndenbabel Berlin"}, {"desc": "Nach den Anschl\u00e4gen vom 11. September 2001 durch das Terrornetzwerk Al-Kaida wollen die USA und ihre Verb\u00fcndeten Vergeltung. Sie beginnen einen Krieg in Afghanistan, der 20 Jahre dauern soll. Erste Erfolge wecken \u00fcberm\u00e4\u00dfige Hoffnungen, das Land bald kontrollieren zu k\u00f6nnen. Doch es gelingt nicht, eine stabile Regierung aufzubauen oder zuverl\u00e4ssige Sicherheitskr\u00e4fte auszubilden. Der Abzug der ausl\u00e4", "start_date": "2026-09-04T16:45:00+00:00", "title": "Im Schatten der T\u00fcrme \u2013 Der Krieg gegen den Terror"}, {"desc": "Die USA sehen 9/11 als Rechtfertigung f\u00fcr den Versuch, den Nahen Osten neu zu gestalten. 2003 marschieren sie in den Irak ein, um Saddam Hussein zu st\u00fcrzen. Doch die Invasion endet in Chaos. Das Regime und die irakische Armee werden von den USA und ihren Verb\u00fcndeten au\u00dfer Gefecht gesetzt. Das Machtgef\u00fcge im Land ger\u00e4t ins Wanken, religi\u00f6se Milizen und terroristische Banden erstarken. Die Folge ist", "start_date": "2026-09-04T17:30:00+00:00", "title": "Im Schatten der T\u00fcrme \u2013 Der Krieg gegen den Terror"}, {"desc": "2014 ziehen islamische Extremisten mit schwarzer Flagge durch Nordsyrien und den Irak. Sie zerschlagen die irakische Armee und rufen ein Kalifat aus. Es dauert Jahre, den IS zu vertreiben. Das Chaos im Irak und der Beginn des B\u00fcrgerkrieges in Syrien schafften das Umfeld, in dem sich der sogenannte Islamische Staat entwickeln konnte. Mit \u00e4u\u00dferst gewaltt\u00e4tigen Methoden wirbt der IS in den sozialen M", "start_date": "2026-09-04T18:15:00+00:00", "title": "Im Schatten der T\u00fcrme \u2013 Der Krieg gegen den Terror"}, {"desc": "Der Einmarsch der USA und ihrer Verb\u00fcndeten 2003 in den Irak verschiebt das Machtgef\u00fcge im Nahen Osten. Der Iran gewinnt an Einfluss, seine Rivalit\u00e4t mit Saudi-Arabien versch\u00e4rft sich. Am deutlichsten zeigt sich dieser Konflikt, in dem die USA eine Schl\u00fcsselrolle spielen, im Jemen. Dort f\u00fchren die beiden L\u00e4nder einen blutigen Stellvertreterkrieg. Trotz des Versuches, das iranische Atomprogramm zu ", "start_date": "2026-09-04T19:00:00+00:00", "title": "Im Schatten der T\u00fcrme \u2013 Der Krieg gegen den Terror"}, {"desc": "Die Terroranschl\u00e4ge vor 25 Jahren am 11. September 2001 ver\u00e4nderten alles. Die 3-teilig Doku (nonstop) zeigt, wie 9/11 die Welt bis heute pr\u00e4gt \u2013 politisch, gesellschaftlich und f\u00fcr viele ganz pers\u00f6nlich. Der aus Bangladesch stammende Einwanderer Rais Bhuiyan wird in Dallas aus n\u00e4chster N\u00e4he angeschossen. Von einem Rechtsradikalen, der seine Tat als Rache f\u00fcr 9/11 versteht. Die Filmemacher Dylan A", "start_date": "2026-09-04T19:45:00+00:00", "title": "9/11 \u2013 Der lange Schatten des Terrors"}, {"desc": "Die Terroranschl\u00e4ge von 9/11 ver\u00e4nderten die Welt. Die Dokumentation zeichnet nach, wie der \"Krieg gegen den Terror\" noch heute nachwirkt \u2013 und wie Menschen mit den Folgen fertigwerden. Was passiert, wenn ein Land im Namen seiner Sicherheit den Rechtsstaat einschr\u00e4nkt? Auf der Jagd nach den Hinterm\u00e4nnern der Anschl\u00e4ge von 2001 setzen die USA durch Rechtsverst\u00f6\u00dfe und Folter ihre Glaubw\u00fcrdigkeit auf", "start_date": "2026-09-04T20:30:00+00:00", "title": "9/11 \u2013 Der lange Schatten des Terrors"}, {"desc": "Die Terroranschl\u00e4ge von 9/11 ver\u00e4nderten die Welt. Die Dokumentation zeichnet nach, wie sie die politische Spaltung in den USA befeuerten \u2013 und wie Menschen mit den Folgen fertigwerden. Hat der \"War on Terror\" letztlich mehr Radikalisierung erzeugt als verhindert? Bilder aus Guant\u00e1namo, Bagdad und Kabul untergruben die Glaubw\u00fcrdigkeit der amerikanischen Eins\u00e4tze und verst\u00e4rkten die Spaltung, die D", "start_date": "2026-09-04T21:15:00+00:00", "title": "9/11 \u2013 Der lange Schatten des Terrors"}, {"desc": "US-Soldaten t\u00f6teten 2011 Osama bin Laden und stellten dabei Papiere und Datentr\u00e4ger sicher. Das Material ist jetzt zug\u00e4nglich und erlaubt einen neuen Blick auf den Al-Kaida-Chef. \"ZDF-History\" wertet die private Korrespondenz Osama bin Ladens aus und erz\u00e4hlt, wie er seine letzten Lebensjahre in seinem Versteck in Pakistan verbrachte. Dort entwarf er neue Terrorstrategien und k\u00fcmmerte sich zugleich", "start_date": "2026-09-04T22:00:00+00:00", "title": "ZDF-History"}, {"desc": "Seit 1978 fasst das Nachrichtenmagazin des Zweiten Deutschen Fernsehens die wichtigsten  Geschehnisse des Tages zusammen. Die Themen werden durch gut recherchierte Hintergrundberichte sowie Interviews mit Entscheidungstr\u00e4gern detaillierter beleuchtet als in den heute-Nachrichten.", "start_date": "2026-09-04T22:45:00+00:00", "title": "heute journal"}, {"desc": "Mit dem Ersten Weltkrieg beginnt das Zeitalter der industriell gef\u00fchrten Massenkriege. Rund 20 Millionen Menschen sterben. Generationen verlieren Zukunft, Gesundheit und Wohlstand. Das Attentat auf Erzherzog Franz Ferdinand in Sarajevo m\u00fcndet 1914 in den Ersten Weltkrieg. Bis 1918 tobt ein unvorstellbares Grauen auf den Schlachtfeldern. Menschen leiden noch Jahrzehnte sp\u00e4ter. Die sechsteilige Reih", "start_date": "2026-09-04T23:15:00+00:00", "title": "Der Preis des Krieges"}, {"desc": "20 Jahre nach dem Ersten Weltkrieg st\u00fcrzt die Welt in eine neue Katastrophe. Im Zweiten Weltkrieg sterben 50 bis 60 Millionen Zivilisten und bis zu 25 Millionen Soldaten. Am 1. September 1939 \u00fcberf\u00e4llt Deutschland Polen. Gro\u00dfbritannien und Frankreich erkl\u00e4ren Deutschland den Krieg. Es folgt ein weltweites Massensterben. Vier Billionen Dollar kostet dieser Krieg nach damaligem Wert, fast sechsmal m", "start_date": "2026-09-05T00:00:00+00:00", "title": "Der Preis des Krieges"}, {"desc": "Der Kalte Krieg wird 1964 in Vietnam hei\u00df. Amerika greift nach dem sogenannten Tonkin-Zwischenfall direkt in den Konflikt zwischen Nord- und S\u00fcdvietnam ein, der bereits seit 1956 andauert. Damit stellen sich die USA auf die Seite S\u00fcdvietnams, w\u00e4hrend die Sowjetunion das kommunistische Nordvietnam unterst\u00fctzt. Die Kriegsparteien k\u00e4mpfen mit unterschiedlichen Waffentechnologien. Die Folge sind zwei ", "start_date": "2026-09-05T00:45:00+00:00", "title": "Der Preis des Krieges"}, {"desc": "Seit 1978 kommt es zu Kriegen in Afghanistan. Sie z\u00e4hlen zusammengenommen mit mehr als zwei Billionen Dollar zu den teuersten Konflikten der Geschichte. 150.000 Menschen kommen ums Leben. Nach den Anschl\u00e4gen vom 11. September 2001 nehmen die USA den Kampf gegen den Terrorismus auf und marschieren mit internationaler Unterst\u00fctzung in Afghanistan ein. Ein Jahrzehnt Krieg verw\u00fcstet das Land, hinterl\u00e4", "start_date": "2026-09-05T01:30:00+00:00", "title": "Der Preis des Krieges"}, {"desc": "Die Kriege im Irak z\u00e4hlen zu den teuersten des 20. Jahrhunderts. Das Land ist seit den 1980er-Jahren durch zahlreiche Konflikte gebeutelt. Allein der Zweite Golfkrieg 1990/91 kostet \u00fcber 60 Milliarden Dollar und fordert Zehntausende Opfer. 2003 greifen Amerikaner und Verb\u00fcndete das Land an. Sie sind \u00fcberzeugt, dass Saddam Hussein \u00fcber Massenvernichtungswaffen verf\u00fcge, mit verheerenden Folgen. Eine", "start_date": "2026-09-05T02:15:00+00:00", "title": "Der Preis des Krieges"}, {"desc": "Im 21. Jahrhundert verschwinden Sch\u00fctzengr\u00e4ben des Ersten und Bomberflotten des Zweiten Weltkrieges. Statt millionenstarker Heere pr\u00e4gen heute Terror und Hightech das Geschehen. \"Krieg gegen Terror\" dauert bis heute an. Mit enormen Kosten und unsicherem Ausgang. Am st\u00e4rksten betroffen sind der Irak, Afghanistan, Pakistan und Indien. Auch die Philippinen, Somalia und Nigeria leiden unter anhaltende", "start_date": "2026-09-05T02:45:00+00:00", "title": "Der Preis des Krieges"}, {"desc": "Sie schlagen ohne Vorwarnung zu: F\u00fcr die einen sind sie Freiheitsk\u00e4mpfer, f\u00fcr andere Terroristen. Partisanen ver\u00fcben hinter den feindlichen Linien Anschl\u00e4ge oder Sabotage, auch heute noch. In der Ukraine k\u00e4mpfen Partisanen gegen Putins Truppen. Dort attackieren sie Stellungen und Nachschubwege der russischen Angreifer. Wie schon im Zweiten Weltkrieg \u2013 als auf demselben Boden Partisanen die deutsch", "start_date": "2026-09-05T03:30:00+00:00", "title": "Terra X History"}, {"desc": "Am 6. Juni 1944 landeten alliierte Truppen an der K\u00fcste der Normandie. Der D-Day war der Auftakt f\u00fcr blutige Schlachten. Die K\u00e4mpfe in der Normandie hielten die Welt wochenlang in Atem. Die Wehrmacht wehrte sich verbissen gegen die Angriffe der Amerikaner, Briten und Kanadier. Doch die Material\u00fcberlegenheit der Alliierten wurde immer erdr\u00fcckender. Die Deutschen verteidigten die \"Festung Europa.", "start_date": "2026-09-05T04:15:00+00:00", "title": "D-Day 1944 \u2013 Die Schlacht um Europas Freiheit"}, {"desc": "Die Deutschen lieben Bananen. Doch wie kommt das Obst auf unseren Tisch, wer profitiert vom Handel? Und wer zahlt den Preis? Ein Blick hinter die Fassade der gelben Frucht. Weltweiter Bananenhandel, Umweltsch\u00e4den, Pestizidbelastung: Die Banane ist beliebt, doch ihr Anbau in Monokulturen f\u00fchrt zu Ausbeutung, Einsatz von Pestiziden, Fungiziden und gef\u00e4hrlichen Arbeitsbedingungen. Was steckt hinter d", "start_date": "2026-09-05T05:00:00+00:00", "title": "Bananen \u2013 Genuss mit Beigeschmack"}, {"desc": "Ein Kotelett auf dem Grill oder ein Tofubratling auf dem Teller: Die Diskussion um Fleischkonsum ist voller Leidenschaft, h\u00e4ufig \u00fcbertrieben hitzig. Geht es hier noch ums Essen? Essen ist schon lange keine Privatsache mehr. Fleischliebhaber und Pflanzenesser machen mobil \u2013 f\u00fcr die eigene Ern\u00e4hrung und gegen die anderen. Die Dokumentation \"#WTF \u2013 Streit ums Essen: Tier oder Tofu?\" schaut den Deutsc", "start_date": "2026-09-05T05:30:00+00:00", "title": "#WTF \u2013 Streit ums Essen: Tier oder Tofu?"}, {"desc": "Von wegen sonnengereifte Tomaten aus Italien. Tats\u00e4chlich stammen viele Produkte wie Tomatenmark, -sauce und -ketchup aus China. Mit j\u00e4hrlich mehr als einer Million Tonnen ist das Reich der Mitte mittlerweile weltgr\u00f6\u00dfter Exporteur der roten Fr\u00fcchte. In L\u00e4ndern wie Ghana kollabiert der regionale Tomatenmarkt aufgrund von Billigimporten. Laut EU-Recht d\u00fcrfen Tomaten hierzulande als \u201eMade in Italy\u201c v", "start_date": "2026-09-05T06:15:00+00:00", "title": "Rotes Gold \u2013 Die Geheimnisse der Tomatenindustrie"}, {"desc": "Salami ist eines der beliebtesten Fleischprodukte. Als Spezialit\u00e4t gilt etwa die franz\u00f6sische Saucisson. Was unterscheidet die Discounter-Salami von der traditionell hergestellten Wurst? \u00c4u\u00dferlich ist der Unterschied kaum zu erkennen. Doch schon die Aufzucht der Schweine, aus deren Fleisch sie hergestellt wird, ist grundverschieden. Hinzu kommen minderwertige Zutaten oder ungesunde Zusatzstoffe, d", "start_date": "2026-09-05T07:00:00+00:00", "title": "Lebensmittel auf dem Pr\u00fcfstand"}, {"desc": "\"heute Xpress\" ist ein kompaktes Nachrichtenformat des ZDF, das mehrmals t\u00e4glich ausgestrahlt wird. In wenigen Minuten bietet die Sendung einen schnellen \u00dcberblick \u00fcber die wichtigsten Ereignisse aus Politik, Wirtschaft, Gesellschaft und Kultur. Die Beitr\u00e4ge sind klar strukturiert und verst\u00e4ndlich aufbereitet, sodass die Zuschauer jederzeit schnell und zuverl\u00e4ssig \u00fcber das aktuelle Weltgeschehen i", "start_date": "2026-09-05T07:43:00+00:00", "title": "heute Xpress"}, {"desc": "McDonald's repr\u00e4sentiert f\u00fcr Millionen Menschen in der ganzen Welt den American Way of Life. Die McDonald's-Story wirft einen Blick hinter die Kulissen der goldenen B\u00f6gen des Weltkonzerns. Burger, Pommes, Softeis \u2013 welche Anstrengungen unternimmt der Lebensmittelriese, um die weltweit standardisierte Maschine am Laufen zu halten? Mithilfe von vier ikonischen Produkten zeigt der Film Probleme, aber", "start_date": "2026-09-05T07:45:00+00:00", "title": "ZDFbesseresser: Der Fast-Food-Gigant \u2013 McDonald's"}, {"desc": "In jedem siebten \u00dcberraschungsei mag eine Sammelfigur stecken. In jedem einzelnen aber viel zu viel Zucker (20 Gramm!). Trotzdem sind die \u00dcberraschungseier seit Jahrzehnten durch geschickte Werbung der Renner. Sebastian Lege geht dem Ferrero-Produktversprechen, mit von \u00fcbers\u00fc\u00dfter Schokolade umh\u00fclltem Plastikkram dem Nachwuchs einen Gefallen zu tun, auf den Grund. Und das ist nicht das einzige Prod", "start_date": "2026-09-05T08:30:00+00:00", "title": "besseresser: Die Tricks in Frikadellen, \u00dc-Eiern & Co."}, {"desc": "Sebastian Lege ist Produktentwickler und kennt die Tricks der Lebensmittelindustrie. Bei der Food-Challenge muss er beweisen, dass er Produkte nachbauen kann. Diesmal versucht er sich an einem Veggie-W\u00fcrstchen, saurem Kaugummi und Kaktuseis.", "start_date": "2026-09-05T09:15:00+00:00", "title": "Die Food-Challenge"}, {"desc": "Sebastian Lege stellt sich der Food-Challenge. Der Produktentwickler muss drei amerikanische Junkfood-Produkte m\u00f6glichst exakt nachbauen \u2013 und das ohne Rezept! Ob Spr\u00fchk\u00e4se aus der Dose, tiefgek\u00fchlte Donuts oder zuckers\u00fc\u00dfe Pop-Tarts aus dem Toaster. Sebastian Lege nimmt die Herausforderungen aus dem amerikanischen Supermarkt an und muss mit seinem nachgebauten Produkt am Ende Juror Flo \u00fcberzeugen.", "start_date": "2026-09-05T10:00:00+00:00", "title": "Die Food-Challenge"}, {"desc": "Sebastian Lege wird von Florian Reza bei der \"besseresser challenge\" herausgefordert, McDonald's McCrispy, Apfelschn\u00fcre und Buchstabensuppe aus der T\u00fcte nachzubauen. Sebastian Lege muss ohne Rezept und Vorgaben drei absolute Klassiker nachbauen. Beim McCrispy kommt es auf die Authentizit\u00e4t der So\u00dfe an. Apfelschn\u00fcre verraten schon im Namen ihre wichtigste Zutat. Und nur eine gute Buchstabensuppe ka", "start_date": "2026-09-05T10:45:00+00:00", "title": "besseresser challenge"}, {"desc": "Sebastian Lege wird von Florian Reza bei der \"besseresser challenge\" herausgefordert, Aperol, englische Worcestersauce und Feigenschnaps authentisch nachzubauen. Sebastian Lege muss seine Erfahrung in der Lebensmittelindustrie nutzen, um alle Zutaten der Produkte korrekt herauszuschmecken. Flo kommt es auf die richtige Zusammenstellung des Nachbaus an. Wird er einem Aperol aus Chicor\u00e9e am Ende den", "start_date": "2026-09-05T11:30:00+00:00", "title": "besseresser challenge"}, {"desc": "Flo Reza bittet Sebastian Lege zur \"besseresser challenge\". Schafft er es, Knusperflocken, Happy Hippo und Franzbr\u00f6tcheneis authentisch nachzubauen? Bei der \"besseresser challenge\" fordert Flo Sebastian mit einer bunten Palette an s\u00fc\u00dfen Produkten heraus. Schmecken seine Werke am Ende genau wie Knusperflocken, Happy Hippo und Tim M\u00e4lzers Franzbr\u00f6tcheneis? Flo bleibt streng bei der Bewertung. Bei de", "start_date": "2026-09-05T12:15:00+00:00", "title": "besseresser challenge"}, {"desc": "Sebastian Lege wird von Florian Reza bei der \"besseresser challenge\" herausgefordert, saure Drachenzungen und Wassermeloneneis nachzubauen. Flo k\u00e4mpft derweil mit Ferdi Fuchs. Mit lustigen Kost\u00fcmen und s\u00fc\u00dfen Produkten fordert Flo Sebastian zur \"besseresser challenge\" heraus. Doch nicht nur Flo kommt es heute auf die richtige Zusammenstellung der Zutaten an. Auch Sebastian pr\u00fcft Flos \"Ferdi Fuchs W", "start_date": "2026-09-05T13:00:00+00:00", "title": "besseresser challenge"}, {"desc": "Sebastian Lege wird von Florian Reza bei der \"besseresser challenge\" herausgefordert, Riesen, Blaue Takis und Toffifee authentisch nachzubauen. Ob kultiges Karamell, blauer Chip-Snack oder ummanteltes Toffee \u2013 bei der \"besseresser challenge\" muss Sebastian Lege blind verschiedene Produkte nachbauen. Die geraten manchmal besser als das Original. Doch nur die Authentizit\u00e4t und Flo entscheiden \u00fcber e", "start_date": "2026-09-05T13:45:00+00:00", "title": "besseresser challenge"}, {"desc": "Sebastian Lege und Florian Reza stellen sich der \"besseresser challenge\". W\u00e4hrend Flo am Nachbau von Leberwurst und Kinder Maxi King verzweifelt, k\u00e4mpft Sebastian mit der Hot-Chip-Challenge. Bei der \"besseresser challenge\" bauen Sebastian Lege und Flo ausgew\u00e4hlte Produkte nach. Schmecken ihre Werke genau wie Leberwurst, der Hot Chip und Kinder Maxi King? Die Bewertung am Ende entscheidet \u00fcber Auth", "start_date": "2026-09-05T14:30:00+00:00", "title": "besseresser challenge"}, {"desc": "Flo bittet Sebastian Lege zum Challenge-Duell. Schafft er es, Maggi-W\u00fcrze und Tortilla-Chips authentisch nachzubauen? Flo verzweifelt dagegen an seiner Dino-Nuggets-Challenge. Bei der \"besseresser challenge\" fordert Flo Sebastian Lege mit einer bunten Palette an Produkten heraus. Flo wird beim Versuch, Dino-Nuggets herzustellen, selbst zum Produktentwickler. Jeder kennt sie, jeder liebt sie: die k", "start_date": "2026-09-05T15:15:00+00:00", "title": "besseresser challenge"}, {"desc": "Sebastian Lege wird von Flo bei der \"besseresser challenge\" herausgefordert, Dubai-Schokolade und Toblerone authentisch nachzubauen. Flo k\u00e4mpft derweil mit seinen Surimi-Sticks. Mit lustigen Kost\u00fcmen und s\u00fc\u00dfen Produkten fordert Flo Sebastian zur Challenge heraus. Doch auch Flo selbst darf ran. F\u00fcr Sebastian soll er fischige Surimi-Sticks nachbauen. Wie viele Tipps von Sebastian wird er dabei brauc", "start_date": "2026-09-05T16:00:00+00:00", "title": "besseresser challenge"}, {"desc": "2023 l\u00f6st der \"Barbie\"-Film einen weltweiten Hype aus. Das freut auch Hersteller Mattel, der nicht nur von den Einnahmen profitiert \u2013 sondern auch von Barbies neuem progressivem Image. W\u00e4hrend sich Barbie zur feministischen Ikone mausert, steht Mattel in der Kritik: Von der Gleichstellung der Geschlechter sei der Konzern weit entfernt. Vorw\u00fcrfe sind Ausbeutung in den Fabriken, das Unter-Druck-Setz", "start_date": "2026-09-05T16:45:00+00:00", "title": "Das System Mattel"}, {"desc": "Der Billigdiscounter Action unterh\u00e4lt \u00fcber 2250 Filialen in 13 europ\u00e4ischen L\u00e4ndern mit unschlagbaren Preisen. Geht seine aggressive Preispolitik zulasten der Angestellten und Warenqualit\u00e4t? Insider berichten von extremem Druck, illegalen Videokontrollen, Beleidigungen und hohen Krankenst\u00e4nden. Der niederl\u00e4ndische Nonfood-Discounter schreibt seinen Mitarbeiterinnen und Mitarbeitern minuti\u00f6s durchg", "start_date": "2026-09-05T17:30:00+00:00", "title": "Das System Action"}, {"desc": "In dieser Folge des Verbraucherformats \"Smart Shopper\" checkt Moderator Uke Bosse verschiedene Kapsel-Kaffeemaschinen auf Geschmack, Kosten und Nachhaltigkeit. Im Geschmacks- und Techniktest tritt der Platzhirsch Nespresso gegen die g\u00fcnstigere Konkurrenz an. Uke besucht Kaffeer\u00f6ster, reist ins Espresso-Land Italien, pr\u00fcft Maschinen, Kapseln und Umweltbilanz \u2013 und nimmt die Ger\u00e4te bis zur letzten S", "start_date": "2026-09-05T18:15:00+00:00", "title": "Smart Shopper"}, {"desc": "Der \"Smart Shopper\" checkt Grills: Ist der ikonische Kugelgrill von Weber der Beste, oder kann man zu g\u00fcnstigeren Alternativen greifen? Was sind die Vorteile von Holzkohle, Gas oder Elektro? Ist ein Kurs an der Weber Grill Academy ultimatives Grill-Know-how oder vor allem Marketing? Expertin Gesa Lischka ordnet ein, und Uke Bosse probiert es aus. Mit Grillprofi Klaus Glaetzner baut er einen DIY-Gr", "start_date": "2026-09-05T19:00:00+00:00", "title": "Smart Shopper"}, {"desc": "In der neuesten Ausgabe von \"Smart Shopper\" checkt Moderator Uke Bosse Hei\u00dfluftfritteusen. Wer braucht so ein Ger\u00e4t, was kann es, und wie viel Geld muss ich daf\u00fcr ausgeben? Lasch oder lecker? Bei der Blindverkostung tritt ein Premiummodell gegen ein deutlich g\u00fcnstigeres Discounterger\u00e4t an. Auf der Suche nach der perfekten Fritte f\u00e4hrt Uke ins Mutterland der Pommes und l\u00e4sst die Ger\u00e4te sogar in ihr", "start_date": "2026-09-05T19:45:00+00:00", "title": "Smart Shopper"}, {"desc": "Liefer-Apps sind heutzutage wie eine Fernbedienung f\u00fcr Essen \u2013 schnell, bequem und einfach. Pia Osterhaus will herausfinden, wie die Plattformen an unserer Bequemlichkeit Geld verdienen. Provisionen und Rabatte machen das Liefergesch\u00e4ft f\u00fcr Gastronomen hart. Um trotzdem noch Gewinn zu machen, wird unauff\u00e4llig gespart \u2013 beispielsweise bei den Portionsgr\u00f6\u00dfen. Bekommen wir also tats\u00e4chlich weniger f\u00fc", "start_date": "2026-09-05T20:30:00+00:00", "title": "Nice Price \u2013 Die Tricks der Lieferdienste"}, {"desc": "Voller Kleiderschrank und trotzdem im Kaufrausch! Warum? Pia Osterhaus wagt ein Experiment, checkt Schn\u00e4ppchenpreise, geht auf Verfolgungsjagd und enth\u00fcllt Tricks der Textilindustrie. \"Kaufe jetzt, bezahle sp\u00e4ter!\" Ein unwiderstehliches Angebot f\u00fcr alle, die beim Hype um Luxusmode dabei sein wollen. Mit Folgen f\u00fcr die K\u00e4ufer. Denn von der Sehnsucht nach teuren Marken und coolen Outfits profitieren", "start_date": "2026-09-05T21:15:00+00:00", "title": "Nice Price \u2013 Die Tricks der Textilindustrie"}, {"desc": "Outdoor ist das Trendthema im Netz. Pia Osterhaus will herausfinden, wie die Industrie daf\u00fcr sorgt, dass wir Geld ausgeben, um an einem Ort zu sein, der eigentlich kostenlos ist: die Natur. Auf Social Media wirkt Outdoor wie pure Wellness. Doch die Bilder zeigen nur die halbe Wahrheit. Um zu sehen, was dahintersteckt, begibt sich Pia auf eine dreit\u00e4gige Wanderung, trifft Experten und deckt in pack", "start_date": "2026-09-05T22:00:00+00:00", "title": "Nice Price \u2013 Die Tricks der Outdoor-Industrie"}, {"desc": "G\u00fcnstig und schnell ans Traumziel: So lockt Ryanair Kunden an. Das irische Unternehmen ist mit seinem Low-Cost-Modell der \u00dcberflieger unter den Billigairlines. Doch zu welchem Preis? Flugbegleiter gilt als Traumjob, und Ryanair wei\u00df das zu nutzen. Die Angestellten jedoch prangern unzumutbare Arbeitsbedingungen an: geringe Geh\u00e4lter, Druck bei den Bordverk\u00e4ufen und ein knallhartes Management. Dennoc", "start_date": "2026-09-05T22:45:00+00:00", "title": "Das System Ryanair \u2013 Die Tricks des Billigfliegers"}, {"desc": "Dezember 2001, Sabadell. Die Leiche von Helena Jubany, einer jungen Bibliothekarin, wird im Innenhof eines Geb\u00e4udes gefunden. Sie ist nackt, und ihr K\u00f6rper weist Verbrennungen auf. Die Ermittler stellen fest, dass sie mit Schlaftabletten bet\u00e4ubt und vom Dach geworfen wurde. Eine ihrer Freundinnen erkl\u00e4rt, dass Helena einige Tage zuvor zwei r\u00e4tselhafte anonyme Briefe erhalten habe. In einem davon w", "start_date": "2026-09-05T23:30:00+00:00", "title": "T\u00e4terjagd in Spanien"}], "offset": "+00:00", "timezone": "UTC", "error_code": -1, "start_date": "2026-09-04", "icon": ""}