{"end_date": "2026-09-05", "name": "ZDFinfo", "info_url": "https://epg.pw/channels/76718/20260903.html", "country": "Germany", "description": null, "error_message": "", "provider": "", "source_url": "https://epg.pw/api/epg.json?channel_id=76718&date=20260903&timezone=None", "epg_list": [{"desc": "Forschung ist ein m\u00fchsames Gesch\u00e4ft. Der Weg zu neuen Erkenntnissen oft steinig. Wen wundert's, dass Erfolge besonders gefeiert und Irrt\u00fcmer gerne gesch\u00f6nt oder gar vertuscht werden. Wissenschaftlerinnen und Wissenschaftler wollen die Welt besser verstehen und Probleme l\u00f6sen. Ihre Arbeit liefert Ergebnisse, die aber nicht immer der Allgemeinheit dienen oder Fortschritt bedeuten. Sie k\u00f6nnen auch Sc", "start_date": "2026-09-03T00:00:00+00:00", "title": "Grenzen der Wissenschaft"}, {"desc": "Sie fegen mit bis zu 300 Stundenkilometern \u00fcber St\u00e4dte und zerst\u00f6ren alles, was ihnen nahe kommt: Tornados. Doch f\u00fcr Tim Samaras bieten diese Naturgewalten den ultimativen Nervenkitzel. Samaras will zum Kern der Tornados und herausfinden, welche Geheimnisse sich darin verbergen. David A. Johnston hatte ein Faible f\u00fcr Vulkane und alles drum herum. George Mallory wollte in den 1920ern den h\u00f6chsten G", "start_date": "2026-09-03T00:45:00+00:00", "title": "Wissenschaft extrem \u2013 Forschende, die an Grenzen gehen"}, {"desc": "Sterben, damit Millionen Menschen leben: Die moderne Medizin ist eine Errungenschaft, die hart erk\u00e4mpft wurde. Pioniere trieben rettende Ideen voran \u2013 und lie\u00dfen dabei ihr eigenes Leben. Im 19. Jahrhundert entdeckt Ignaz Semmelweis die lebensrettende Wirkung der Desinfektion und stirbt unter ungekl\u00e4rten Umst\u00e4nden. Der Medizinstudent Daniel Carri\u00f3n jagt einer t\u00f6dlichen Infektionskrankheit nach, Erf", "start_date": "2026-09-03T01:30:00+00:00", "title": "Wissenschaft extrem"}, {"desc": "Galileo Galilei, Giordano Bruno und die antike Universalgelehrte Hypatia von Alexandria: Sie sprengten die geistigen Grenzen ihrer Welt \u2013 und machten sich m\u00e4chtige Feinde. Galileo Galilei: Mit seinen Entdeckungen im All bringt er das christliche Weltbild ins Wanken. Hypatia \u2013 Mathematikerin, Astronomin, Philosophin: einst hoch gesch\u00e4tzt, sp\u00e4ter brutal get\u00f6tet. Giordano Bruno: Er legt das Fundament", "start_date": "2026-09-03T02:15:00+00:00", "title": "Wissenschaft extrem \u2013 Forschende, die an Grenzen gehen"}, {"desc": "Was haben Elementarteilchen, der eisige S\u00fcdpol und Blitze gemeinsam? Sie alle haben Physiker beim Versuch, die Natur und das Zusammenspiel ihrer Gewalten zu erforschen, an ihr Limit gebracht. Der Atomphysiker Louis Slotin setzt sich der Kraft aus, die beim Bau der Atombombe genutzt wird. Der Forscher Rodney Marks kommt am dunkelsten Ort der Erde ums Leben. Und der Physiker Georg Richmann untersch\u00e4", "start_date": "2026-09-03T02:45:00+00:00", "title": "Wissenschaft extrem"}, {"desc": "Giftig, fl\u00fcchtig oder explosiv: Wissenschaftler experimentieren mit Substanzen und nehmen dabei t\u00f6dliche Gefahren in Kauf. Von ihren bahnbrechenden Erfindungen profitieren wir bis heute. Die Chemie bestimmt die fundamentalen Bausteine der Welt. Carl Wilhelm Scheele, Rosalind Franklin und Alice Ball stellen die Theorien infrage. Sie pr\u00e4gen die Wissenschaft \u2013 ohne daf\u00fcr Anerkennung zu erhalten. Denn", "start_date": "2026-09-03T03:30:00+00:00", "title": "Wissenschaft extrem"}, {"desc": "Cuiab\u00e1, Brasilien, 20. April 1925: Drei M\u00e4nner machen sich auf den Weg in die \"Gr\u00fcne H\u00f6lle\" des Amazonas \u2013 auf der Suche nach der versunkenen Stadt \"Z\". Percy Fawcett leitet die Expedition \u2013 ohne GPS oder n\u00e4here Kenntnis \u00fcber die Gefahren des Dschungels. Die Pal\u00e4ontologen Edward Drinker Cope und Othniel Charles Marsh bek\u00e4mpfen sich 20 Jahre lang. Und Nikolai Wawilow setzt mit seiner Samen-Sammlung", "start_date": "2026-09-03T04:15:00+00:00", "title": "Wissenschaft extrem \u2013 Forschende, die an Grenzen gehen"}, {"desc": "\u00dcberwachungssysteme lauern \u00fcberall und beobachten uns. Gro\u00dfstadtbewohner tauchen t\u00e4glich auf Hunderten \u00dcberwachungsb\u00e4ndern auf. Wie weit ist es da noch bis zur totalen \u00dcberwachung? Bei einer Rundum\u00fcberwachung h\u00e4tten Verbrecher keine Chance mehr. Doch w\u00e4re eine Welt ohne Privatsph\u00e4re w\u00fcnschenswert? Wie w\u00fcrde sie den Alltag beeinflussen? Wissenschaftler untersuchen, warum heute viele so freiz\u00fcgig mi", "start_date": "2026-09-03T05:00:00+00:00", "title": "Mysterien des Weltalls"}, {"desc": "Der Sinn des Lebens? Morgan Freeman fragt nach Geburt, Fortpflanzung und Tod. F\u00fchrt dies \u2013 unendlich oft wiederholt \u2013 von den allerersten primitiven Lebensformen zu uns heute? Die theoretische Physikerin Sara Walker definiert die Funktion der Evolution anders: Immer noch mehr gesammelte und verarbeitete Daten f\u00fchren durch immer sch\u00e4rfere Sinne und immer geschicktere Jagdwerkzeuge zu auch immer eff", "start_date": "2026-09-03T05:30:00+00:00", "title": "Mysterien des Weltalls"}, {"desc": "Kinder k\u00f6nnen erst ab einer bestimmten Hirnentwicklung l\u00fcgen. Oscarpreistr\u00e4ger Morgan Freeman fragt: Geh\u00f6rt das Schwindeln zum Menschen? W\u00e4re es nicht besser, immer die Wahrheit zu sagen? L\u00fcgen ist viel schwieriger, als ehrlich zu sein, weil das Gehirn beim L\u00fcgen mehr Informationen verkn\u00fcpfen muss. Und tats\u00e4chlich: Psychologin Yaling Yang fand in Hirnscans von pathologischen L\u00fcgnern mehr Wei\u00dfe-Sub", "start_date": "2026-09-03T06:15:00+00:00", "title": "Mysterien des Weltalls"}, {"desc": "Seit der Mensch denkt, so scheint es, glaubt er auch. Werden auch anderswo im Weltall G\u00f6tter verehrt? Oscarpreistr\u00e4ger Morgan Freeman sucht bei ganz irdischen Ph\u00e4nomenen nach Antworten. Glauben Aliens an Gott? Beispiele auf der Erde k\u00f6nnen bei der Beantwortung helfen: Tiere, die ihre Toten betrauern. Oder Roboter mit spirituellen Neigungen. Oder eine mathematische Gleichung, die der g\u00f6ttlichen Ide", "start_date": "2026-09-03T07:00:00+00:00", "title": "Mysterien des Weltalls"}, {"desc": "\"heute Xpress\" ist ein kompaktes Nachrichtenformat des ZDF, das mehrmals t\u00e4glich ausgestrahlt wird. In wenigen Minuten bietet die Sendung einen schnellen \u00dcberblick \u00fcber die wichtigsten Ereignisse aus Politik, Wirtschaft, Gesellschaft und Kultur. Die Beitr\u00e4ge sind klar strukturiert und verst\u00e4ndlich aufbereitet, sodass die Zuschauer jederzeit schnell und zuverl\u00e4ssig \u00fcber das aktuelle Weltgeschehen i", "start_date": "2026-09-03T07:43:00+00:00", "title": "heute Xpress"}, {"desc": "Das Weltall ist unbegreiflich gro\u00df. Schwer zu glauben, dass sich das Leben auf die Erde beschr\u00e4nkt. Oscarpreistr\u00e4ger Morgan Freeman fragt: Sind wir die einzigen intelligenten Lebewesen? In diesem Mann leben Eindringlinge: Der Molekularbiologe Cedric Feschotte ist Spezialist f\u00fcr Genetik. Dass Viren und Bakterien seinen K\u00f6rper bewohnen, ist f\u00fcr ihn eine triviale Erkenntnis. Aber es gibt da durchaus ", "start_date": "2026-09-03T07:45:00+00:00", "title": "Mysterien des Weltalls"}, {"desc": "Unser Leben ist unmittelbar gepr\u00e4gt von dieser Kraft. Und doch bekommt die Physik sie einfach nicht in den Griff. Was ist eigentlich Schwerkraft? Oscarpreistr\u00e4ger Morgan Freeman fragt nach. Kann eine so handfeste Kraft wie die Schwerkraft eine T\u00e4uschung sein? Nach der Theorie des Physikers Erik Verlinde steckt hinter der Wirkung der Schwerkraft in Wahrheit der thermodynamische Prozess, der auch in", "start_date": "2026-09-03T08:30:00+00:00", "title": "Mysterien des Weltalls"}, {"desc": "Wissenschaftler sind sich sicher, dass im Universum viel mehr Materie existiert, als wir sehen. Oscarpreistr\u00e4ger Morgan Freeman fragt: Bedroht das verborgene Schattenuniversum unsere Welt? Die Beschaffenheit dieser unbekannten Materie zu erforschen, ist eine der spannendsten Fragen der Kosmologie. Es ist, als wolle man einen Fisch mit blo\u00dfen H\u00e4nden fangen. Nur die Anziehungskraft der Dunklen Mater", "start_date": "2026-09-03T09:15:00+00:00", "title": "Mysterien des Weltalls"}, {"desc": "Wurden die Reichen nur am rechten Ort zur rechten Zeit geboren? Unterscheiden sich Arme und Reiche in ihrer DNA? Oscarpreistr\u00e4ger Morgan Freeman fragt Wissenschaftler nach ihrer Erkenntnis. Sind die Armen Opfer eines Systems, das sie kleinh\u00e4lt? Oder l\u00e4sst sich die Einkommensverteilung mithilfe physikalischer Gesetze erkl\u00e4ren? Victor Yakovenko, der physikalische Methoden auf die Wirtschaft anwendet", "start_date": "2026-09-03T10:00:00+00:00", "title": "Mysterien des Weltalls"}, {"desc": "Voller Kleiderschrank und trotzdem im Kaufrausch! Warum? Pia Osterhaus wagt ein Experiment, checkt Schn\u00e4ppchenpreise, geht auf Verfolgungsjagd und enth\u00fcllt Tricks der Textilindustrie. \"Kaufe jetzt, bezahle sp\u00e4ter!\" Ein unwiderstehliches Angebot f\u00fcr alle, die beim Hype um Luxusmode dabei sein wollen. Mit Folgen f\u00fcr die K\u00e4ufer. Denn von der Sehnsucht nach teuren Marken und coolen Outfits profitieren", "start_date": "2026-09-03T10:45:00+00:00", "title": "Nice Price \u2013 Die Tricks der Textilindustrie"}, {"desc": "Outdoor ist das Trendthema im Netz. Pia Osterhaus will herausfinden, wie die Industrie daf\u00fcr sorgt, dass wir Geld ausgeben, um an einem Ort zu sein, der eigentlich kostenlos ist: die Natur. Auf Social Media wirkt Outdoor wie pure Wellness. Doch die Bilder zeigen nur die halbe Wahrheit. Um zu sehen, was dahintersteckt, begibt sich Pia auf eine dreit\u00e4gige Wanderung, trifft Experten und deckt in pack", "start_date": "2026-09-03T11:30:00+00:00", "title": "Nice Price \u2013 Die Tricks der Outdoor-Industrie"}, {"desc": "Liefer-Apps sind heutzutage wie eine Fernbedienung f\u00fcr Essen \u2013 schnell, bequem und einfach. Pia Osterhaus will herausfinden, wie die Plattformen an unserer Bequemlichkeit Geld verdienen. Provisionen und Rabatte machen das Liefergesch\u00e4ft f\u00fcr Gastronomen hart. Um trotzdem noch Gewinn zu machen, wird unauff\u00e4llig gespart \u2013 beispielsweise bei den Portionsgr\u00f6\u00dfen. Bekommen wir also tats\u00e4chlich weniger f\u00fc", "start_date": "2026-09-03T12:15:00+00:00", "title": "Nice Price \u2013 Die Tricks der Lieferdienste"}, {"desc": "Chicken, Gem\u00fcse oder Chili \u2013 Nudelsuppen in Cups und T\u00fcten sind der Food-Hype. Schnell gekocht, halal, vegan und in allen Geschmacksrichtungen. Was ist das Geheimnis des aktuellen Trends? Und wer schmeckt den Unterschied zwischen Duck Taste und Chili? Pia Osterhaus experimentiert mit einer Profik\u00f6chin, schickt die Suppen ins Labor und untersucht auch die Verpackungen der Convenience-Suppen. Mehr a", "start_date": "2026-09-03T13:00:00+00:00", "title": "Nice Price \u2013 Das Geheimnis der Instantnudeln"}, {"desc": "Zucker in Form von Glukose ist lebenswichtig. Wer bewusst darauf verzichten will, muss die Zutaten exakt pr\u00fcfen. Denn alles, was am Ende des Namens \u201e-ose\u201c tr\u00e4gt, ist eine Zuckerart: Glucose, Fructose, Dextrose oder Maltose. Doch Nahrungsmittel enthalten auch andere Zuckerarten. Zudem wird der s\u00fc\u00dfe Stoff industriell zugef\u00fcgt. So essen wir schnell zu viel davon. Was bewirkt der Zucker bei uns? Und g", "start_date": "2026-09-03T13:45:00+00:00", "title": "Nelson M\u00fcller: Der Zucker-Kompass"}, {"desc": "Gro\u00df, gr\u00f6\u00dfer, gigantisch \u2013 Mars ist der gr\u00f6\u00dfte S\u00fc\u00dfwarenhersteller der Welt und ein Gigant der Lebensmittelindustrie. Die Mars-Story zeigt, wie der Konzern tickt, trickst und blendet. Mars Inc. \u2013 in \u00fcber 80 L\u00e4ndern arbeiten 133.000 Menschen f\u00fcr das Familienunternehmen. Die Produktpalette reicht von S\u00fc\u00dfigkeiten und Kaugummi bis hin zu Tiernahrung. Wie konnte aus einem Schokoriegel-Hersteller ein Leb", "start_date": "2026-09-03T14:30:00+00:00", "title": "besseresser: Der Schokoriegel-Gigant \u2013 Mars"}, {"desc": "Kraft Heinz \u2013 zwei Namen mit langer Geschichte, die zusammen einen der gr\u00f6\u00dften Food-Konzerne der Welt bilden. Doch wie kam es zu ihrer gigantischen Macht auf dem Lebensmittelmarkt? Anhand von vier Produkten entschl\u00fcsselt der Film das Erfolgsgeheimnis von Kraft Heinz. Wie gut sind diese Lebensmittel wirklich? Heinz Ketchup, Miracel Whip, Heinz Beanz und Capri-Sun: Diese Produkte sind weltber\u00fchmt un", "start_date": "2026-09-03T15:15:00+00:00", "title": "besseresser: Der Saucen-Gigant \u2013 Kraft-Heinz"}, {"desc": "McDonald's repr\u00e4sentiert f\u00fcr Millionen Menschen in der ganzen Welt den American Way of Life. Die McDonald's-Story wirft einen Blick hinter die Kulissen der goldenen B\u00f6gen des Weltkonzerns. Burger, Pommes, Softeis \u2013 welche Anstrengungen unternimmt der Lebensmittelriese, um die weltweit standardisierte Maschine am Laufen zu halten? Mithilfe von vier ikonischen Produkten zeigt der Film Probleme, aber", "start_date": "2026-09-03T16:00:00+00:00", "title": "besseresser \u2013 Food Stories mit Sebastian Lege"}, {"desc": "Die 90er \u2013 ein Jahrzehnt voller Kultduelle. Popikonen, Sammeltrends und sportliche Highlights treten im \"Retro Battle\" gegeneinander an. Wer setzt sich durch und bleibt unvergessen? Backstreet Boys oder Kelly Family? Pok\u00e9mon oder Diddl? Formel 1 oder Wrestling? Romantik oder Actionkino? Die 90er liefern ikonische Battles um Musik, Sammeltrends, Sport und Kinohits. Doch welche Ph\u00e4nomene pr\u00e4gen unse", "start_date": "2026-09-03T16:45:00+00:00", "title": "Retro Battles \u2013 Die Trends der 90er"}, {"desc": "Die 90er \u2013 ein Jahrzehnt voller Gegens\u00e4tze. Digitale Revolution trifft auf analoge Kultobjekte, Popstars konkurrieren mit Subkulturen. Welche Trends pr\u00e4gen eine ganze Generation? Grunge oder Eurodance? Tamagotchi oder Furby? Skateboard oder Inliner? Nintendo oder SEGA? Die 90er liefern unvergessliche Battles um Musikstile, Spielzeughypes, Trendsportarten und Gaming-Giganten. Doch welche Trends pr\u00e4", "start_date": "2026-09-03T17:30:00+00:00", "title": "Retro Battles \u2013 Die Trends der 90er"}, {"desc": "In Kellern und auf Dachb\u00f6den schlummert ein ganz besonderes Archiv. Oftmals wenig beachtet und manchmal sogar vergessen \u2013 Super-8-Filme. Dabei handelt es sich um ganz besondere Filmsch\u00e4tze. Sie zeigen die 60er-, 70er- und 80er-Jahre \u2013 wie sie sonst nirgends zu sehen sind. Die Welt von damals \u2013 aus ganz pers\u00f6nlicher Sicht. \"Das war dann mal weg\" \u2013 diesmal geht es rund um Reise und Freizeit. Dazu ge", "start_date": "2026-09-03T18:15:00+00:00", "title": "Das war dann mal weg"}, {"desc": "Von  der Trockenhaube \u00fcber den Allibert-Schrank bis zur Badem\u00fctze: Als sie die Badezimmer eroberten, waren sie schon bald nicht mehr aus ihnen wegzudenken. Und dann waren sie wieder out. Was hat sie ersetzt? Neue Zeitreisen in die Welt der verschwundenen Dinge des Alltags.", "start_date": "2026-09-03T19:00:00+00:00", "title": "Das war dann mal weg"}, {"desc": "Diese Folge der Reihe \"Das war dann mal weg\" weckt die Feierlaune und erinnert an kulinarische wie kulturelle S\u00fcnden \u2013 vom Mettigel bis zum Lipsi-Tanz, vom Kegelabend bis zum K\u00e4sepilz. Partytime! So manches rund um den Partykeller war sch\u00f6n und schrecklich zugleich \u2013 trotzdem wecken einst kultige Requisiten und Rituale heute noch nostalgische Gef\u00fchle bei den Promi-G\u00e4sten Anneke Kim Sarnau, Florian", "start_date": "2026-09-03T19:45:00+00:00", "title": "Das war dann mal weg"}, {"desc": "Luxus wird oft mit dem Exotischen, Unerreichbaren und Seltenen assoziiert. Doch was gestern noch Luxus war, kann heute schon wertlos sein. Oder als Retrotrend eine zweite Chance bekommen. Tiere schm\u00fccken sich mit bunten Federn, Menschen mit Luxusg\u00fctern, um ihre Umwelt zu beeindrucken. Elfenbein, Seidenstr\u00fcmpfe oder sogar Besteck aus Aluminium: Einst war manches so wertvoll wie Gold. Heute ist es a", "start_date": "2026-09-03T20:30:00+00:00", "title": "Das war dann mal weg"}, {"desc": "Eine Zeitreise mit Prominenten, Historikern und Experten in die Welt des Konsums: von den Prachtbauten Wertheims und anderer Anfang des 20. Jahrhunderts \u00fcber die bunte Warenwelt von Hertie und Co. nach dem Zweiten Weltkrieg bis zum Blick in die Zukunft.", "start_date": "2026-09-03T21:15:00+00:00", "title": "ZDF-History"}, {"desc": "Esszimmer der Arbeiter im 19. Jh., Keller f\u00fcr Burschenschaftsrituale, heute Szenemagnet: Die vom Aussterben bedrohte \u201ekleine Kneipe\u201c (Frauenstammtisch) war stets mehr als nur Schenke. Hier trafen sich verschiedene Generationen und soziale Schichten, um sich mit der Stimme des Volkes zu artikulieren. Es wird \u00fcber das Leben diskutiert und dabei getrunken. Friedrich Ebert etwa er\u00f6ffnete 1894 ein Loka", "start_date": "2026-09-03T22:00:00+00:00", "title": "ZDF-History"}, {"desc": "Seit 1978 fasst das Nachrichtenmagazin des Zweiten Deutschen Fernsehens die wichtigsten  Geschehnisse des Tages zusammen. Die Themen werden durch gut recherchierte Hintergrundberichte sowie Interviews mit Entscheidungstr\u00e4gern detaillierter beleuchtet als in den heute-Nachrichten.", "start_date": "2026-09-03T22:45:00+00:00", "title": "heute journal"}, {"desc": "In den letzten Z\u00fcgen des 19.\u00a0Jahrhunderts bringt Filmpionier George M\u00e9li\u00e8s als Erster Geschichten mit fantastischen Elementen ins Kino \u2013 mit wenig Erfolg. In den 1950ern gilt Fantasyliteratur als Kinderkram, in den Achtzigern sieht man Fantasyfans, die sich im Rollenspielmetier tummeln, als\u00a0Au\u00dfenseiter. \\n\\nDoch mittlerweile hat sich die einstige Nischenindustrie gewandelt. Filmreihen wie \u201eHarry P", "start_date": "2026-09-03T23:15:00+00:00", "title": "Die Geschichte der Fantasy"}, {"desc": "Diese Folge der Dokumentationsreihe \"Die Geschichte der Fantasy\" zeigt und analysiert die Welten des Fantasy-Genres. Die Handlungen der Filme und Serien entf\u00fchren in zauberhafte Reiche. Der Film trifft r\u00e4tselhafte Wesen und l\u00e4sst sich von magischen Gegenst\u00e4nden verzaubern. Viele der Gesch\u00f6pfe gehen zur\u00fcck auf uralte Legenden und Mythen. Um attraktiv zu bleiben, m\u00fcssen sie sich den aktuellen gesell", "start_date": "2026-09-04T00:00:00+00:00", "title": "Die Geschichte der Fantasy"}, {"desc": "Eine warnende Grabinschrift, eine verh\u00e4ngnisvolle Zahl, die Ungl\u00fcck bringen soll, und eine Heilerin mit magischen Kr\u00e4ften \u2013 Legenden, die davor warnen, das Schicksal nicht herauszufordern. Auf Befehl Stalins wird ein Grabmal ge\u00f6ffnet. Kurz darauf folgt einer der gr\u00f6\u00dften Angriffskriege der Geschichte. Die Zahl Neun scheint einer Reihe von Komponisten zum Verh\u00e4ngnis zu werden. Und eine Voodoo-Priest", "start_date": "2026-09-04T00:45:00+00:00", "title": "Verflucht \u2013 Gro\u00dfe Legenden der Geschichte"}, {"desc": "Bringt ein legend\u00e4rer Diamant Ungl\u00fcck? Ist das Grab William Shakespeares mit einem Fluch belegt? Und bringen Kiesel einer Tropeninsel den Menschen gro\u00dfes Unheil? Der Hope-Diamant besticht durch sein tiefes Blau. Doch liegt darin etwas B\u00f6ses verborgen? William Shakespeare ist in Stratford-upon-Avon begraben. Wurde sein Grab gepl\u00fcndert? Und warum schicken immer wieder Touristen ihre Souvenirs zur\u00fcck", "start_date": "2026-09-04T01:30:00+00:00", "title": "Verflucht \u2013 Gro\u00dfe Legenden der Geschichte"}, {"desc": "Ein indisches Juwel, gestohlen aus einem Tempel, eine teuflische Gestalt in New Jersey und der Fluch eines Abtes lehren sp\u00e4tere Generationen das F\u00fcrchten. 1972 findet sich in einem Museumsarchiv ein gro\u00dfer Amethyst samt Warnung vor dessen Fluch. In New Jersey versetzt eine unheimliche Kreatur die Menschen in Angst und Schrecken. Und ein verfluchter Prachtbau st\u00fcrzt eine Adelsfamilie ins Ungl\u00fcck. V", "start_date": "2026-09-04T02:15:00+00:00", "title": "Verflucht \u2013 Gro\u00dfe Legenden der Geschichte"}, {"desc": "Gibt es den Fluch des Pharao wirklich? Schlie\u00dft ein Musiker einen Pakt mit dem Teufel? Kann man seine Widersacher mithilfe der G\u00f6tter bestrafen? Faszinierende Legenden befl\u00fcgeln die Fantasie. Nach der \u00d6ffnung eines \u00e4gyptischen Grabmals kommt es unter den Beteiligten zu mysteri\u00f6sen Todesf\u00e4llen. Niemand kann sich erkl\u00e4ren, wie ein talentloser Gitarrist zur Blues-Legende wird. Und im R\u00f6mischen Reich ", "start_date": "2026-09-04T02:45:00+00:00", "title": "Verflucht \u2013 Gro\u00dfe Legenden der Geschichte"}, {"desc": "Eine Mumie bringt Menschen t\u00f6dliches Ungl\u00fcck. \u00dcber einem afghanischen Tal liegt ein dunkler Schatten. Und eine Schriftrolle aus dem 18. Jahrhundert l\u00e4sst viele noch heute erschaudern. 1991 wird die Mumie \u00d6tzi, der Mann aus dem Eis, entdeckt \u2013 und schon bald mit mysteri\u00f6sen Todesf\u00e4llen in Verbindung gebracht. In der Ruinenstadt Schahr-e Gholghola sollen die Todesschreie einer Schlacht widerhallen. ", "start_date": "2026-09-04T03:30:00+00:00", "title": "Verflucht \u2013 Gro\u00dfe Legenden der Geschichte"}, {"desc": "Einem ber\u00fchmten US-Showdirektor, einem vermeintlichen Eldorado in Kanada und einer Festung in den Pyren\u00e4en ist das Gl\u00fcck nicht hold. Der Showdirektor P. T. Barnum kommt auf fragw\u00fcrdige Weise zu Millionen, dann geht sein Besitz in Flammen auf. Eine Reihe von Goldsuchern findet in einem legend\u00e4ren Tal in Kanada ein grausiges Ende. Und gl\u00e4ubige Menschen opfern sich, um ihre Seelen zu retten. Viele Sc", "start_date": "2026-09-04T04:15:00+00:00", "title": "Verflucht \u2013 Gro\u00dfe Legenden der Geschichte"}, {"desc": "Die legend\u00e4re Pharaonin Kleopatra ist eine der faszinierendsten und einflussreichsten Frauen der Geschichte. Aber wer war die wahre Kleopatra, die Frau hinter dem Mythos? Ihre Sch\u00f6nheit und ihr Ehrgeiz sind legend\u00e4r. Angeblich setzt sie ihre Reize gekonnt ein, um sich an der Macht zu halten. Doch die Suche nach der Wahrheit um ihr Leben offenbart eine der vielleicht gr\u00f6\u00dften L\u00fcgen der Geschichte. M", "start_date": "2026-09-04T05:00:00+00:00", "title": "Mythos \u2013 Die gr\u00f6\u00dften R\u00e4tsel der Geschichte"}, {"desc": "Das \"forum\" bietet Muslimen in Deutschland die M\u00f6glichkeit, ihre Erfahrungen in das gesellschaftliche Gespr\u00e4ch einzubringen. Muslime erkl\u00e4ren ihre Religion, erz\u00e4hlen von ihrem Alltag. (Senderinfo).", "start_date": "2026-09-04T05:45:00+00:00", "title": "forum am freitag"}, {"desc": "Das \"auslandsjournal\" \u2013 Reportagen, Hintergr\u00fcnde, au\u00dfergew\u00f6hnliche Menschen und bunte Geschichten. Die ZDF-Korrespondenten erkl\u00e4ren die Welt. Pointierte Analyse, pers\u00f6nliche Erz\u00e4hlweise, anspruchsvolle Geschichten und die Vielfalt der Beitragsformen pr\u00e4gen das \"auslandsjournal\". In der Rubrik \"au\u00dfendienst\" testen Reporter, was das Leben in fremden L\u00e4ndern mit sich bringen kann. (Senderinfo).", "start_date": "2026-09-04T06:00:00+00:00", "title": "auslandsjournal"}, {"desc": "Die Angst vor Krieg und Krisen ist zur\u00fcck. Seit dem Angriff Russlands auf die Ukraine sind Lebensmittelknappheit oder Stromausfall durch Cyberattacken zu realen Bedrohungsszenarien geworden. Hamsterk\u00e4ufe, kein Mehl, kein Sonnenblumen- oder Raps\u00f6l mehr in deutschen Supermarktregalen. Anbieter von Privatbunkern k\u00f6nnen sich vor Anfragen kaum retten. Ist Deutschland f\u00fcr einen, wie auch immer gearteten", "start_date": "2026-09-04T06:30:00+00:00", "title": "Bunker, Sirenen, Vorr\u00e4te"}, {"desc": "Es war ein brisantes Geheimnis: Honecker & Co.haben sich f\u00fcr den Ernstfall umfangreiche unterirdische Bunker bauen lassen. Der Film zeigt Anlagen, die erhalten geblieben sind. In der Schweiz wurden vor 1945 als Antwort auf die Bedrohung durch Nazideutschland mehr als 26.000 milit\u00e4rische Anlagen errichtet, sogenannte falsche Chalets. (Senderinfo).", "start_date": "2026-09-04T07:00:00+00:00", "title": "Die geheimen Bunker der DDR und der Schweiz"}, {"desc": "\"heute Xpress\" ist ein kompaktes Nachrichtenformat des ZDF, das mehrmals t\u00e4glich ausgestrahlt wird. In wenigen Minuten bietet die Sendung einen schnellen \u00dcberblick \u00fcber die wichtigsten Ereignisse aus Politik, Wirtschaft, Gesellschaft und Kultur. Die Beitr\u00e4ge sind klar strukturiert und verst\u00e4ndlich aufbereitet, sodass die Zuschauer jederzeit schnell und zuverl\u00e4ssig \u00fcber das aktuelle Weltgeschehen i", "start_date": "2026-09-04T07:43:00+00:00", "title": "heute Xpress"}, {"desc": "Seit der Zarenzeit war die Stadt am Pazifik stets f\u00fcr den Krieg ger\u00fcstet. Die vielen Forts, Bunker und Munitionslager kamen nie zum Einsatz. Heute sind sie Ruinen, die jungen Russen als Abenteuerspielplatz dienen.", "start_date": "2026-09-04T07:45:00+00:00", "title": "Geheimes Russland"}, {"desc": "Im Zweiten Weltkrieg sollte die Industriestadt Samara Fluchtort f\u00fcr die Sowjet-Regierung werden. Es entstanden Bunkeranlagen, die bis heute nicht vollst\u00e4ndig erforscht sind. Auch die Armeef\u00fchrung, das diplomatische Korps und sogar das Bolschoi-Ballett sollten in der Ersatzhauptstadt unterkommen. Davon ist selbst in der Sowjetunion lange nichts bekannt gewesen. Samara wurde beim Angriff der deutsch", "start_date": "2026-09-04T08:30:00+00:00", "title": "Geheimes Russland"}, {"desc": "Relikte des Kalten Krieges \u2013 versteckt in den W\u00e4ldern Ostdeutschlands. Die Dokumentation begleitet Expertinnen und Experten bei ihrer Spurensuche in den Bunkeranlagen der ehemaligen DDR. Darunter ein Sperrgebiet der Sowjetarmee s\u00fcdlich von Berlin, unterirdische Anlagen f\u00fcr den Chef und die Mitarbeiter der Staatssicherheit und ein Atombunker, dessen Standort bis heute geheim ist. In W\u00fcnsdorf in Bra", "start_date": "2026-09-04T09:15:00+00:00", "title": "Geheime Unterwelten der DDR \u2013 Atombunker und Schutzr\u00e4ume"}, {"desc": "Zwischen 1943 und 1945 bauten Tausende Zwangsarbeiter die bombensichere U-Boot-Werft in Bremen-Farge. Dort sollte das neuartige U-Boot vom Typ XXI produziert werden und die erhoffte Wende f\u00fcr die Nazis im Seekrieg bringen.", "start_date": "2026-09-04T10:00:00+00:00", "title": "Hitlers U-Boot-Fabrik \u2013 Bunker Valentin"}, {"desc": "Nach dem Ende des Ersten Weltkrieges hofften viele V\u00f6lker Osteuropas, die durch Russland, Deutschland und \u00d6sterreich-Ungarn beherrscht waren, auf Freiheit und Eigenst\u00e4ndigkeit. Aber die neue Friedensordnung sorgte f\u00fcr Chaos: Polen k\u00e4mpfte gegen Russland, die Ukraine wurde von Russland und Polen besetzt, und im Baltikum tobten K\u00e4mpfe an vielen Fronten. Die Dokumentation zeigt, wie die Ereignisse vo", "start_date": "2026-09-04T10:45:00+00:00", "title": "Der vergiftete Frieden"}, {"desc": "Nach dem Ende des Ersten Weltkrieges stand neben dem Vertrag von Versailles auch ein anderer Ort f\u00fcr die Neuordnung der Welt: S\u00e8vres, ein Pariser Vorort. Dort besiegelten die Siegerm\u00e4chte Frankreich, Gro\u00dfbritannien und die USA das Schicksal eines gro\u00dfen Imperiums: Das Osmanische Reich sollte f\u00fcr immer zerschlagen werden. Die Folgen sind bis heute un\u00fcbersehbar: Der Nahe Osten brennt, wird von Krieg", "start_date": "2026-09-04T11:30:00+00:00", "title": "Der vergiftete Frieden"}, {"desc": "Die Weimarer Republik war zweifellos ein Aufbruch in die Moderne, hatte aber zu viele Gegner, die die Uhr wieder in die Vergangenheit zur\u00fcckstellen wollten. Die Mehrheit der Deutschen war noch nicht reif f\u00fcr eine Demokratie. Viele waren verbohrt in ihren Weltanschauungen. Die autorit\u00e4re Kaiserzeit und der Erste Weltkrieg hatten die M\u00e4nner zu kriegerischen, gewaltsamen L\u00f6sungen erzogen. Sie waren n", "start_date": "2026-09-04T12:15:00+00:00", "title": "Geheimnisse der Weimarer Republik"}, {"desc": "1924 bis 1929 kann die Weimarer Republik noch einmal Luft holen. Die Einf\u00fchrung der Rentenmark vertreibt das Gespenst der Inflation. Die Reparationen werden im Dawes-Plan gemindert. Die Wirtschaft floriert. Die Politik ist bei allen Anfeindungen der Republikgegner relativ stabil. Reichspr\u00e4sident Ebert h\u00e4lt im Berliner Lustgarten eine Rede vor Ehrenformationen der Reichswehr. Er wirbt f\u00fcr Toleranz.", "start_date": "2026-09-04T13:00:00+00:00", "title": "Geheimnisse der Weimarer Republik"}, {"desc": "Die Phase der relativen Stabilit\u00e4t endet 1929 j\u00e4h mit dem Crash an der New Yorker B\u00f6rse, der sich zur Weltwirtschaftskrise ausweitet. Amerikanische Kredite werden zur\u00fcckgerufen. Es kommt zum Bankencrash. Schlangen aufgeregter Menschen sammeln sich vor den Banken und fordern die Auszahlung ihrer Ersparnisse. Die Wirtschaft bricht zusammen, die Arbeitslosigkeit steigt. In den Stra\u00dfen wimmelt es von ", "start_date": "2026-09-04T13:45:00+00:00", "title": "Geheimnisse der Weimarer Republik"}, {"desc": "So schwer sich die Deutschen mit der jungen Demokratie der gerade ausgerufenen Weimarer Republik tun, so ausgelassen st\u00fcrzen sie sich in die neue Freiheit: Alkohol, Drogen, Prostitution. Bald ersch\u00fcttern ein Mord im Adlon und eine falsche Zarentochter Berlin.", "start_date": "2026-09-04T14:30:00+00:00", "title": "S\u00fcndenbabel Berlin"}, {"desc": "Umbruchstimmung in Berlin \u2013 die Goldenen Zwanziger sind vorbei. Blutige Stra\u00dfenk\u00e4mpfe ersch\u00fcttern die Hauptstadt. Gleichzeitig sorgen Arbeitslosigkeit und Armut f\u00fcr mehr Verbrechen. Mit dem Kriminalisten Ernst Gennat an der Spitze gewinnt die Berliner Kripo Weltruhm: Revolutionierte Ermittlungsarbeit soll der Kriminalit\u00e4t ein Ende setzen. Als eine Frau in ihrer Wohnung in Berlin-Tempelhof tot aufg", "start_date": "2026-09-04T15:15:00+00:00", "title": "S\u00fcndenbabel Berlin"}, {"desc": "B\u00f6rsencrash 1929: Die Welt ger\u00e4t ins Wanken. Ein Wendepunkt in Berlin, der das Ende der Weimarer Republik einleitet. Ein Strudel der Gewalt entsteht, und Nationalsozialisten erstarken. Die NSDAP macht sich die Verunsicherung des Volkes zunutze und j\u00fcdische Personen zum S\u00fcndenbock. Im Berliner Polizeipr\u00e4sidium geht indes eine Anfrage ein: Die Mordkommission um den Kriminalisten Ernst Gennat soll si", "start_date": "2026-09-04T16:00:00+00:00", "title": "S\u00fcndenbabel Berlin"}, {"desc": "Nach den Anschl\u00e4gen vom 11. September 2001 durch das Terrornetzwerk Al-Kaida wollen die USA und ihre Verb\u00fcndeten Vergeltung. Sie beginnen einen Krieg in Afghanistan, der 20 Jahre dauern soll. Erste Erfolge wecken \u00fcberm\u00e4\u00dfige Hoffnungen, das Land bald kontrollieren zu k\u00f6nnen. Doch es gelingt nicht, eine stabile Regierung aufzubauen oder zuverl\u00e4ssige Sicherheitskr\u00e4fte auszubilden. Der Abzug der ausl\u00e4", "start_date": "2026-09-04T16:45:00+00:00", "title": "Im Schatten der T\u00fcrme \u2013 Der Krieg gegen den Terror"}, {"desc": "Die USA sehen 9/11 als Rechtfertigung f\u00fcr den Versuch, den Nahen Osten neu zu gestalten. 2003 marschieren sie in den Irak ein, um Saddam Hussein zu st\u00fcrzen. Doch die Invasion endet in Chaos. Das Regime und die irakische Armee werden von den USA und ihren Verb\u00fcndeten au\u00dfer Gefecht gesetzt. Das Machtgef\u00fcge im Land ger\u00e4t ins Wanken, religi\u00f6se Milizen und terroristische Banden erstarken. Die Folge ist", "start_date": "2026-09-04T17:30:00+00:00", "title": "Im Schatten der T\u00fcrme \u2013 Der Krieg gegen den Terror"}, {"desc": "2014 ziehen islamische Extremisten mit schwarzer Flagge durch Nordsyrien und den Irak. Sie zerschlagen die irakische Armee und rufen ein Kalifat aus. Es dauert Jahre, den IS zu vertreiben. Das Chaos im Irak und der Beginn des B\u00fcrgerkrieges in Syrien schafften das Umfeld, in dem sich der sogenannte Islamische Staat entwickeln konnte. Mit \u00e4u\u00dferst gewaltt\u00e4tigen Methoden wirbt der IS in den sozialen M", "start_date": "2026-09-04T18:15:00+00:00", "title": "Im Schatten der T\u00fcrme \u2013 Der Krieg gegen den Terror"}, {"desc": "Der Einmarsch der USA und ihrer Verb\u00fcndeten 2003 in den Irak verschiebt das Machtgef\u00fcge im Nahen Osten. Der Iran gewinnt an Einfluss, seine Rivalit\u00e4t mit Saudi-Arabien versch\u00e4rft sich. Am deutlichsten zeigt sich dieser Konflikt, in dem die USA eine Schl\u00fcsselrolle spielen, im Jemen. Dort f\u00fchren die beiden L\u00e4nder einen blutigen Stellvertreterkrieg. Trotz des Versuches, das iranische Atomprogramm zu ", "start_date": "2026-09-04T19:00:00+00:00", "title": "Im Schatten der T\u00fcrme \u2013 Der Krieg gegen den Terror"}, {"desc": "Die Terroranschl\u00e4ge vor 25 Jahren am 11. September 2001 ver\u00e4nderten alles. Die 3-teilig Doku (nonstop) zeigt, wie 9/11 die Welt bis heute pr\u00e4gt \u2013 politisch, gesellschaftlich und f\u00fcr viele ganz pers\u00f6nlich. Der aus Bangladesch stammende Einwanderer Rais Bhuiyan wird in Dallas aus n\u00e4chster N\u00e4he angeschossen. Von einem Rechtsradikalen, der seine Tat als Rache f\u00fcr 9/11 versteht. Die Filmemacher Dylan A", "start_date": "2026-09-04T19:45:00+00:00", "title": "9/11 \u2013 Der lange Schatten des Terrors"}, {"desc": "Die Terroranschl\u00e4ge von 9/11 ver\u00e4nderten die Welt. Die Dokumentation zeichnet nach, wie der \"Krieg gegen den Terror\" noch heute nachwirkt \u2013 und wie Menschen mit den Folgen fertigwerden. Was passiert, wenn ein Land im Namen seiner Sicherheit den Rechtsstaat einschr\u00e4nkt? Auf der Jagd nach den Hinterm\u00e4nnern der Anschl\u00e4ge von 2001 setzen die USA durch Rechtsverst\u00f6\u00dfe und Folter ihre Glaubw\u00fcrdigkeit auf", "start_date": "2026-09-04T20:30:00+00:00", "title": "9/11 \u2013 Der lange Schatten des Terrors"}, {"desc": "Die Terroranschl\u00e4ge von 9/11 ver\u00e4nderten die Welt. Die Dokumentation zeichnet nach, wie sie die politische Spaltung in den USA befeuerten \u2013 und wie Menschen mit den Folgen fertigwerden. Hat der \"War on Terror\" letztlich mehr Radikalisierung erzeugt als verhindert? Bilder aus Guant\u00e1namo, Bagdad und Kabul untergruben die Glaubw\u00fcrdigkeit der amerikanischen Eins\u00e4tze und verst\u00e4rkten die Spaltung, die D", "start_date": "2026-09-04T21:15:00+00:00", "title": "9/11 \u2013 Der lange Schatten des Terrors"}, {"desc": "US-Soldaten t\u00f6teten 2011 Osama bin Laden und stellten dabei Papiere und Datentr\u00e4ger sicher. Das Material ist jetzt zug\u00e4nglich und erlaubt einen neuen Blick auf den Al-Kaida-Chef. \"ZDF-History\" wertet die private Korrespondenz Osama bin Ladens aus und erz\u00e4hlt, wie er seine letzten Lebensjahre in seinem Versteck in Pakistan verbrachte. Dort entwarf er neue Terrorstrategien und k\u00fcmmerte sich zugleich", "start_date": "2026-09-04T22:00:00+00:00", "title": "ZDF-History"}, {"desc": "Seit 1978 fasst das Nachrichtenmagazin des Zweiten Deutschen Fernsehens die wichtigsten  Geschehnisse des Tages zusammen. Die Themen werden durch gut recherchierte Hintergrundberichte sowie Interviews mit Entscheidungstr\u00e4gern detaillierter beleuchtet als in den heute-Nachrichten.", "start_date": "2026-09-04T22:45:00+00:00", "title": "heute journal"}, {"desc": "Mit dem Ersten Weltkrieg beginnt das Zeitalter der industriell gef\u00fchrten Massenkriege. Rund 20 Millionen Menschen sterben. Generationen verlieren Zukunft, Gesundheit und Wohlstand. Das Attentat auf Erzherzog Franz Ferdinand in Sarajevo m\u00fcndet 1914 in den Ersten Weltkrieg. Bis 1918 tobt ein unvorstellbares Grauen auf den Schlachtfeldern. Menschen leiden noch Jahrzehnte sp\u00e4ter. Die sechsteilige Reih", "start_date": "2026-09-04T23:15:00+00:00", "title": "Der Preis des Krieges"}, {"desc": "20 Jahre nach dem Ersten Weltkrieg st\u00fcrzt die Welt in eine neue Katastrophe. Im Zweiten Weltkrieg sterben 50 bis 60 Millionen Zivilisten und bis zu 25 Millionen Soldaten. Am 1. September 1939 \u00fcberf\u00e4llt Deutschland Polen. Gro\u00dfbritannien und Frankreich erkl\u00e4ren Deutschland den Krieg. Es folgt ein weltweites Massensterben. Vier Billionen Dollar kostet dieser Krieg nach damaligem Wert, fast sechsmal m", "start_date": "2026-09-05T00:00:00+00:00", "title": "Der Preis des Krieges"}], "offset": "+00:00", "timezone": "UTC", "error_code": -1, "start_date": "2026-09-03", "icon": ""}