{"end_date": "2026-09-02", "name": "France 4", "info_url": "https://epg.pw/channels/76747/20260901.html", "country": "Germany", "description": null, "error_message": "", "provider": "", "source_url": "https://epg.pw/api/epg.json?channel_id=76747&date=20260901&timezone=None", "epg_list": [{"desc": "L'attitude de Tom a fini par agacer le duc. Pour le remettre dans le droit chemin il est envoy\u00e9 faire un stage d'une semaine aupr\u00e8s de la garde royale. Entre temps c'est Boswell un chien de garde qui est charg\u00e9 de surveiller la cuisine. Mais il s'allie avec les souris pour manger tout ce qu'il trouve. Heureusement Tom revient gonfl\u00e9 \u00e0 bloc pour tout remettre en ordre ! (Senderinfo).", "start_date": "2026-09-02T18:05:00+00:00", "title": "Les as de la jungle \u00e0 la rescousse"}, {"desc": "Le cousin de Gilbert, Gildas, vient chercher les As. Toute la famille de Gilbert est retenue en otage par un couple royal de koalas : le roi a d\u00e9cid\u00e9 d'offrir \u00e0 sa femme les As pour son anniversaire. Ils seront ses esclaves et devront lui pr\u00e9parer la plus belle f\u00eate d'anniversaire... (Senderinfo).", "start_date": "2026-09-02T18:16:00+00:00", "title": "Les as de la jungle \u00e0 la rescousse"}, {"desc": "Depuis leur cabane, Max, C\u00e9cile et Mathieu cherchent \u00e0 percer les myst\u00e8res des volcans. D'une mani\u00e8re ludique, ils proposent un expos\u00e9 p\u00e9dagogique agr\u00e9ment\u00e9 de nombreuses exp\u00e9riences, de reportages sur le terrain et de d\u00e9monstrations des ph\u00e9nom\u00e8nes \u00e0 l'aide de maquettes. Bient\u00f4t, les volcans vont livrer tous leurs secrets.  (Senderinfo).", "start_date": "2026-09-02T18:25:00+00:00", "title": "C'est toujours pas sorcier"}, {"desc": "Okoo-koo est l'\u00e9mission d'accueil et de divertissement avec une pointe de p\u00e9dagogie, port\u00e9e par une bande de jeunes animateurs : Manon, Julia, Karim et Jason. (Senderinfo).", "start_date": "2026-09-02T18:55:00+00:00", "title": "Okoo-koo"}, {"desc": "Capt\u00e9 \u00e0 l'Olympia le 11 juin 2013 Production : C4 Productions et Universal Music France R\u00e9alisation : Jean-Marie Antonini Capt\u00e9 \u00e0 l'Olympia en juin 2013, ce concert immortalise Michel Sardou au sommet de sa tourn\u00e9e Les Grands Moments. Dans cette salle embl\u00e9matique, l'artiste revisite plus de quarante ans de carri\u00e8re \u00e0 travers une s\u00e9lection de ses chansons les plus marquantes. Accompagn\u00e9 de ses mus", "start_date": "2026-09-02T19:00:00+00:00", "title": "Michel Sardou \u00e0 l'Olympia"}, {"desc": "Un documentaire r\u00e9alis\u00e9 par Nicolas Maupied Une production 10.7 productions Avec la voix de Augustin Trapenard Le ph\u00e9nom\u00e8ne Sardou passionne depuis plus de 60 ans. Avec plus de 300 chansons et cent millions de disques vendus, Michel Sardou s'est impos\u00e9 comme le chanteur populaire par excellence. Lors de sa derni\u00e8re tourn\u00e9e, \\\" Je me souviens d'un adieu \\.", "start_date": "2026-09-02T20:45:00+00:00", "title": "Sardou, autoportrait"}, {"desc": "Animation : Nagui R\u00e9alisation : G\u00e9rard Pullicino Son : Patrice Cramer Mixage : J\u00e9r\u00f4me Blondel Production : Banijay Production Media Pour ce premier num\u00e9ro de l'ann\u00e9e, TARATATA ouvre la saison avec une affiche fid\u00e8le \u00e0 son ADN : autour de Nagui, des artistes majeurs de la sc\u00e8ne fran\u00e7aise, des voix \u00e9mergentes et des rencontres inattendues et beaucoup de \\\" premi\u00e8res \\\". Figure incontournable de la s", "start_date": "2026-09-02T22:45:00+00:00", "title": "Taratata 100% live"}], "offset": "+00:00", "timezone": "UTC", "error_code": -1, "start_date": "2026-09-02", "icon": ""}