{"end_date": "2026-09-02", "name": "ProSieben Fun", "info_url": "https://epg.pw/channels/76749/20260901.html", "country": "Germany", "description": null, "error_message": "", "provider": "", "source_url": "https://epg.pw/api/epg.json?channel_id=76749&date=20260901&timezone=None", "epg_list": [{"desc": null, "start_date": "2026-09-02T18:15:00+00:00", "title": "Black Monday"}, {"desc": null, "start_date": "2026-09-02T18:40:00+00:00", "title": "Black Monday"}, {"desc": null, "start_date": "2026-09-02T19:10:00+00:00", "title": "Party Down"}, {"desc": null, "start_date": "2026-09-02T19:40:00+00:00", "title": "Party Down"}, {"desc": "Harald (Jan Georg Sch\u00fctte) \u00fcbertreibt es etwas bei der Ideenfindung f\u00fcr \u201eDeutschlands nachhaltigstes Eventcenter\u201c. Jan (Klaas Heufer-Umlauf) stellt Dronk als Pflegekraft ein und hat deswegen zumindest eine andere Sorge weniger: Denn dieser versteht sich blendend mit Vater Udo. Also kann Udo wieder zur\u00fcck nach Hause und Jan kann seinen neuen Job am Flughafen beginnen. Gemeinsam mit Sabine m\u00f6chte er", "start_date": "2026-09-02T20:05:00+00:00", "title": "Check Check"}, {"desc": "Infos zur Serie:\\n\\nVor vielen Jahren ist Jan (Klaas Heufer-Umlauf) aus dem Kaff Simmering geflohen, um in Berlin mit Algenburgern gro\u00df rauszukommen. Doch nun holt ihn die Heimat wieder ein: Sein Vater Udo (Uwe Preuss) ist an Demenz erkrankt, und Jan beschlie\u00dft, ihn vorerst selbst zu betreuen. Da das Geld knapp ist, bewirbt er sich bei Udos altem Arbeitgeber: dem Flughafen Simmering. \\n\\nAls Mitar", "start_date": "2026-09-02T20:30:00+00:00", "title": "Check Check"}, {"desc": null, "start_date": "2026-09-02T20:55:00+00:00", "title": "The Tonight Show Starring Jimmy Fallon"}, {"desc": null, "start_date": "2026-09-02T21:35:00+00:00", "title": "Saturday Night Live"}, {"desc": "Bis auf den Moderator ist beim nicht mehr ganz so neuen \u201eTV total\u201c alles beim Alten. Sebastian Pufpaff zeigt Schr\u00e4ges und Skurriles aus der bunten Fernsehwelt und den sozialen Medien, widmet sich nun auch Podcasts. \u201eWir sind angetreten, um zu richten, zu bewerten und abzustrafen\u201c, lautet das Motto des Kultformats. Nicht fehlen darf sein fahrbarer Schreibtisch, das legend\u00e4re \u201eNippelboard\u201c sowie die", "start_date": "2026-09-02T22:20:00+00:00", "title": "TV total"}, {"desc": null, "start_date": "2026-09-02T23:10:00+00:00", "title": "Black Monday"}, {"desc": null, "start_date": "2026-09-02T23:40:00+00:00", "title": "Black Monday"}], "offset": "+00:00", "timezone": "UTC", "error_code": -1, "start_date": "2026-09-02", "icon": ""}