{"end_date": "2026-08-29", "name": "Marco Polo TV", "info_url": "https://epg.pw/channels/76776/20260827.html", "country": "Germany", "description": null, "error_message": "", "provider": "", "source_url": "https://epg.pw/api/epg.json?channel_id=76776&date=20260827&timezone=None", "epg_list": [{"desc": "Grau und gesichtslos, in Beton gegossene Mittelm\u00e4\u00dfigkeit. Hochhausarchitektur \u00e0 la Plattenbau hat l\u00e4ngst nicht ausgedient, im Gegenteil. Immer wieder staunt man \u00fcber die fehlende Anmut ewig gleicher Fassaden und Grundrisse von Wohnsiedlungen und ertappt sich bei der Frage: Gibt es das auch in sch\u00f6n? Und ob es das gibt. Innovativ, individualistisch, ikonisch. Das belegen Beispiele wie der Bosco Ver", "start_date": "2026-08-28T18:15:00+00:00", "title": "Sch\u00f6ner Wohnen: Hochhaus-Highlights und neue Wohnformen"}, {"desc": "Kraniche, so hei\u00dft es in Bhutan, bevorzugen heilige Orte. Das Phobjikha-Tal, tief im Inneren Bhutans, ist so ein heiliger Ort. Ab Mitte Oktober warten alle Bewohner hier auf die Ankunft der Zugv\u00f6gel. Die Tiere fliegen zum \u00dcberwintern von Tibet in das gesch\u00fctzte Tal. Da hier die B\u00f6den so gut wie nie zufrieren, k\u00f6nnen die Kraniche auch in den Wintermonaten ausreichend Nahrung finden. F\u00fcr die Mensche", "start_date": "2026-08-28T18:50:00+00:00", "title": "Bhutan, von Kindern und Kranichen"}, {"desc": "Die meisten Einwohner Chiloes haben indigene Wurzeln. Weil ihr Archipel als letzte Region Chiles von den Spaniern erobert wurde, blieb viel von ihrer urspr\u00fcnglichen Kultur und Mythologie erhalten. Das macht sie abergl\u00e4ubisch. Deshalb nehmen sie auch oft das ganze Haus mit, wenn sie umziehen, denn sonst k\u00f6nnte es von Geistern besetzt und \"verhext\" werden. Von Ochsen gezogen, geht es \u00fcber Berge, mit", "start_date": "2026-08-28T19:45:00+00:00", "title": "Die Minga: Umzug auf Chilenisch"}, {"desc": "Marco Polo TV Short Trip pr\u00e4sentiert die besten Geheimtipps f\u00fcr den n\u00e4chsten St\u00e4dtetrip. Pro Episode werden innerhalb weniger Minuten die coolsten Sehensw\u00fcrdigkeiten, unbekannte Ecken und kulinarische Sch\u00e4tze vorgestellt. In dieser Folge \u2013 Amersfoort, die versteckte Alternative zu Amsterdam, bietet Mittelaltercharme, unber\u00fchrte Sch\u00f6nheit und entspanntes Ambiente abseits der Tourismusstr\u00f6me. (Sende", "start_date": "2026-08-28T20:40:00+00:00", "title": "Marco Polo TV Short Trip"}, {"desc": "In dieser Episode besucht Andreas die R\u00e4ucherkammern im Westen Norwegens. Rauch wurde urspr\u00fcnglich benutzt um Lebensmittel haltbar zu machen. Aber diese Tradition bringt zudem noch einen unverwechselbaren und reichhaltigen Geschmack mit sich. Andreas bereitet ein kurz gebeiztes Lamm mit Forelle und ger\u00e4uchertem Apfel als Vorspeise zu. Als Hauptgericht kreiert er ein traditionelles Lammgericht mit ", "start_date": "2026-08-28T20:45:00+00:00", "title": "Nordlichter \u2013 Kulinarisch skandinavisch"}, {"desc": "In der ersten Folge nimmt uns Moderatorin Adriana Drawer mit auf eine sommerliche Abenteuerreise: von entspannten botanischen G\u00e4rten \u00fcber das bunte Treiben Barcelonas bis hin zu geheimen Ecken Griechenlands. Ob chillen zwischen Palmen, urbanes Street-Life oder Inselgeheimtipps \u2013 hier bekommt man alles in einem kompakten Mix. Kurz Verreist zeigt, wie man den Sommer richtig auskostet. (Senderinfo).", "start_date": "2026-08-28T21:15:00+00:00", "title": "Kurz verreist \u2013 Dein schneller Travel Guide"}, {"desc": null, "start_date": "2026-08-28T21:45:00+00:00", "title": "People of the North"}, {"desc": "In dieser Folge nimmt uns Kaffee-Sommelier Michael Gliss mit nach Honduras. Honduras strotzt vor Attraktionen und wartet nur darauf, entdeckt zu werden: Gr\u00fcne Bergwelten, karibische Str\u00e4nde oder die alten Maya-Ruinen von Cop\u00e1n. Honduras Sehensw\u00fcrdigkeiten sind faszinierend und seine Menschen freuen sich auf Besucher. Die Natur ist eines der gr\u00f6\u00dften Sch\u00e4tze des Landes. Fauna und Flora sind vielf\u00e4lt", "start_date": "2026-08-28T22:15:00+00:00", "title": "Reisen & Kaffeegenuss \u2013 mit Michael Gliss"}, {"desc": "Der Name \"Bali\" ist untrennbar verbunden mit Aussteiger-Phantasien und Urlaubstr\u00e4umen. Die indonesische Insel wurde bald nach ihrer Entdeckung zur Projektionsfl\u00e4che westlicher Sehns\u00fcchte. Doch durch den Andrang der Millionen Touristen und Aussteiger hat Bali einen Gro\u00dfteil seiner zeitlosen Unschuld verloren. (Senderinfo).", "start_date": "2026-08-28T22:25:00+00:00", "title": "Bali \u2013 Ausverkauf im Paradies"}, {"desc": "Die autonome Region Trentino-S\u00fcdtirol bietet grenzenloses Wintersportvergn\u00fcgen in den Sonnen verw\u00f6hnten S\u00fcdalpen. Obereggen liegt auf 1.550 Metern Meeresh\u00f6he, kaum 30 Minuten von Bozen entfernt, und pr\u00e4sentiert sich zu F\u00fc\u00dfen des imposanten Latemar Massivs als kleines, aber feines Skigebiet mit 37 Pisten, die bis auf 2.500 Metern H\u00f6he reichen. Corvara liegt im Herzen der Dolomiten. 130 Pistenkilome", "start_date": "2026-08-28T23:00:00+00:00", "title": "Obereggen \u2013 Wintertr\u00e4ume in Obereggen und Corvara"}, {"desc": "Marco Polo TV Short Trip pr\u00e4sentiert die besten Geheimtipps f\u00fcr den n\u00e4chsten St\u00e4dtetrip. Pro Episode werden innerhalb weniger Minuten die coolsten Sehensw\u00fcrdigkeiten, unbekannte Ecken und kulinarische Sch\u00e4tze vorgestellt. In dieser Folge \u2013 Bremerhaven wird oft als die kleine Schwester von Bremen bel\u00e4chelt. Doch das St\u00e4dtchen an der Weser hat einiges zu bieten. Allem voran jede Menge geniale Museen", "start_date": "2026-08-28T23:20:00+00:00", "title": "Marco Polo TV Short Trip"}, {"desc": "Der schwedische Starkoch Tareq Taylor beginnt seine kulinarische Reise durch Schweden in seinem Restaurantgarten im Herzen von Malm\u00f6. Mit seinem roten Volvo Amazon Baujahr 1967 macht er sich von dort auf nach Falsterbo, einem malerischen K\u00fcstenort. In den D\u00fcnen Falsterbos begleitet Tareq den Kr\u00e4uterexperten Tony, der am Meer f\u00fcr die Spitzenrestaurants der Umgebung auf Bestellung exquisite Kr\u00e4uter ", "start_date": "2026-08-28T23:30:00+00:00", "title": "Smaklig M\u00e5ltid \u2013 Schweden kulinarisch"}, {"desc": "Sylt ist rau und windig, die Einwohner*innen eher wortkarg. Trotzdem macht Sylt s\u00fcchtig. Ist es das intensive Licht, die unendliche Weite oder das Freiheitsgef\u00fchl, das einen dort \u00fcberkommt? Thomas Diedrichsen ist geborener Sylter. Er ist als Robbenj\u00e4ger t\u00e4tig und k\u00e4mpft um den Schutz der Insel. Paul Walter ist der letzte Krabbenfischer auf Sylt. Mit seinem Kutter ist er bei jeder Windst\u00e4rke auf de", "start_date": "2026-08-29T00:00:00+00:00", "title": "Wellen, Wind und Weite \u2013 Die Insel Sylt"}], "offset": "+00:00", "timezone": "UTC", "error_code": -1, "start_date": "2026-08-28", "icon": ""}