{"end_date": "2026-08-28", "name": "Canal+ Sport", "info_url": "https://epg.pw/channels/76785/20260827.html", "country": "Germany", "description": null, "error_message": "", "provider": "", "source_url": "https://epg.pw/api/epg.json?channel_id=76785&date=20260827&timezone=None", "epg_list": [{"desc": "T\u00e9moignages, anecdotes, d\u00e9tails techniques, histoires originales illustrent cette immersion dans le championnat du monde des rallyes. (Senderinfo).", "start_date": "2026-08-28T18:10:00+00:00", "title": "Fractionn\u00e9 WRC"}, {"desc": "Il y a dix ans, la finale du Top 14 \u00e9tait d\u00e9localis\u00e9e \u00e0 Barcelone, dans le mythique Camp Nou. Racont\u00e9e par les principaux acteurs, retour sur cette finale \u00e0 l'\u00e9tranger historique, gagn\u00e9e par le Racing \u00e0 14 contre 15 la quasi-totalit\u00e9 de la rencontre, dans une ambiance survolt\u00e9e. Avec les t\u00e9moignages de : Dan Carter, Dimitri Szarzewski, Juan Imhoff, Maxime Machenaud (Racing), Guilhem Guirado, Berna", "start_date": "2026-08-28T18:18:00+00:00", "title": "M\u00e9s que une finale \u2013 2016, le Top 14 illumine le Camp Nou"}, {"desc": "Les ultimes informations avant le match de Pro D2, les compositions des \u00e9quipes et les enjeux de la rencontre. (Senderinfo).", "start_date": "2026-08-28T18:50:00+00:00", "title": "Avant-match Pro D2"}, {"desc": "Cette nouvelle saison de PRO D2 s'annonce intense avec seize clubs en lice pour d\u00e9crocher le titre et viser la mont\u00e9e en Top 14, avec des affiches prometteuses d\u00e8s la premi\u00e8re journ\u00e9e. (Senderinfo).", "start_date": "2026-08-28T19:00:00+00:00", "title": "Rugby : Pro D2"}, {"desc": "Suite \u00e0 la rencontre de Pro D2, le magazine passe en revue les derni\u00e8res actualit\u00e9s, les r\u00e9actions des joueurs et des coachs et propose les premi\u00e8res analyses d'apr\u00e8s-match. (Senderinfo).", "start_date": "2026-08-28T20:51:00+00:00", "title": "Apr\u00e8s-match Pro D2"}, {"desc": "Cr\u00e9\u00e9e en 1985, cette comp\u00e9tition majeure de Cesta Punta r\u00e9unit chaque \u00e9t\u00e9 les meilleurs joueurs mondiaux pendant deux mois. Des mini-tournois qualificatifs en juillet-ao\u00fbt sont suivis d'une phase finale fin ao\u00fbt. L'\u00e9v\u00e9nement propose un tournoi d'\u00e9lite international, une comp\u00e9tition pour les moins de 22 ans et des animations autour de la culture basque. (Senderinfo).", "start_date": "2026-08-28T21:02:00+00:00", "title": "Cesta Punta : Cesta Punta Summer League"}, {"desc": null, "start_date": "2026-08-28T22:18:00+00:00", "title": "Golf : Open d'Atlanta"}, {"desc": null, "start_date": "2026-08-28T22:20:00+00:00", "title": "Golf : Open d'Atlanta"}], "offset": "+00:00", "timezone": "UTC", "error_code": -1, "start_date": "2026-08-28", "icon": ""}